{"id":102688,"date":"2023-11-08T21:57:10","date_gmt":"2023-11-09T00:57:10","guid":{"rendered":"https:\/\/blogdoedvaldomagalhaes.com.br\/?p=102688"},"modified":"2023-11-08T21:57:11","modified_gmt":"2023-11-09T00:57:11","slug":"guarda-municipal-de-caruaru-conduz-a-delegacia-homem-suspeito-de-violencia-domestica","status":"publish","type":"post","link":"https:\/\/blogdoedvaldomagalhaes.com.br\/index.php\/2023\/11\/08\/guarda-municipal-de-caruaru-conduz-a-delegacia-homem-suspeito-de-violencia-domestica\/","title":{"rendered":"Guarda Municipal de Caruaru conduz \u00e0 delegacia homem suspeito de viol\u00eancia dom\u00e9stica"},"content":{"rendered":"<p>Na manh\u00e3 desta quarta-feira (08), a Guarda Municipal de Caruaru (GM), a equipe da Patrulha Rural estava realizando rondas pr\u00f3ximo ao S\u00edtio Pau Santo, localizado no 1\u00b0 distrito, quando recebeu a informa\u00e7\u00e3o que um homem estava agredindo e amea\u00e7ando a pr\u00f3pria av\u00f3, de 93 anos.<\/p>\n<p>A GM constatou a viol\u00eancia dom\u00e9stica e conduziu o suspeito \u00e0 Delegacia de Plant\u00e3o para as provid\u00eancias cab\u00edveis. De acordo com os familiares, o suspeito j\u00e1 foi preso por porte ilegal de arma e drogas.<br \/>\nFoto: Divulga\u00e7\u00e3o.<\/p>\n<p>Siga o Instagram do Blog @blogdoedvaldomagalhaes<br \/>\nSe inscreva no canal do Blog no You Tube<\/p>\n","protected":false},"excerpt":{"rendered":"<p>Na manh\u00e3 desta quarta-feira (08), a Guarda Municipal de Caruaru (GM), a equipe da Patrulha Rural estava realizando rondas pr\u00f3ximo&hellip;<\/p>\n","protected":false},"author":1,"featured_media":102689,"comment_status":"closed","ping_status":"open","sticky":false,"template":"","format":"standard","meta":{"footnotes":""},"categories":[14121],"tags":[28803,2,28801,3406,29060],"class_list":["post-102688","post","type-post","status-publish","format-standard","has-post-thumbnail","hentry","category-policial","tag-blog-com-mais-visualizacoes","tag-blog-do-edvaldo-magalhaes","tag-blog-mais-acessado","tag-caruaru","tag-guarda-municipal-de-caruaru-conduz-a-delegacia-homem-suspeito-de-violencia-domestica"],"_links":{"self":[{"href":"https:\/\/blogdoedvaldomagalhaes.com.br\/index.php\/wp-json\/wp\/v2\/posts\/102688","targetHints":{"allow":["GET"]}}],"collection":[{"href":"https:\/\/blogdoedvaldomagalhaes.com.br\/index.php\/wp-json\/wp\/v2\/posts"}],"about":[{"href":"https:\/\/blogdoedvaldomagalhaes.com.br\/index.php\/wp-json\/wp\/v2\/types\/post"}],"author":[{"embeddable":true,"href":"https:\/\/blogdoedvaldomagalhaes.com.br\/index.php\/wp-json\/wp\/v2\/users\/1"}],"replies":[{"embeddable":true,"href":"https:\/\/blogdoedvaldomagalhaes.com.br\/index.php\/wp-json\/wp\/v2\/comments?post=102688"}],"version-history":[{"count":1,"href":"https:\/\/blogdoedvaldomagalhaes.com.br\/index.php\/wp-json\/wp\/v2\/posts\/102688\/revisions"}],"predecessor-version":[{"id":102690,"href":"https:\/\/blogdoedvaldomagalhaes.com.br\/index.php\/wp-json\/wp\/v2\/posts\/102688\/revisions\/102690"}],"wp:featuredmedia":[{"embeddable":true,"href":"https:\/\/blogdoedvaldomagalhaes.com.br\/index.php\/wp-json\/wp\/v2\/media\/102689"}],"wp:attachment":[{"href":"https:\/\/blogdoedvaldomagalhaes.com.br\/index.php\/wp-json\/wp\/v2\/media?parent=102688"}],"wp:term":[{"taxonomy":"category","embeddable":true,"href":"https:\/\/blogdoedvaldomagalhaes.com.br\/index.php\/wp-json\/wp\/v2\/categories?post=102688"},{"taxonomy":"post_tag","embeddable":true,"href":"https:\/\/blogdoedvaldomagalhaes.com.br\/index.php\/wp-json\/wp\/v2\/tags?post=102688"}],"curies":[{"name":"wp","href":"https:\/\/api.w.org\/{rel}","templated":true}]}}