{"id":102685,"date":"2023-11-08T19:13:06","date_gmt":"2023-11-08T22:13:06","guid":{"rendered":"https:\/\/blogdoedvaldomagalhaes.com.br\/?p=102685"},"modified":"2023-11-08T19:13:07","modified_gmt":"2023-11-08T22:13:07","slug":"prefeitura-de-caruaru-e-fundacao-de-cultura-celebram-nova-lei-federal-que-reconhece-o-forro-como-manifestacao-de-cultura-nacional","status":"publish","type":"post","link":"https:\/\/blogdoedvaldomagalhaes.com.br\/index.php\/2023\/11\/08\/prefeitura-de-caruaru-e-fundacao-de-cultura-celebram-nova-lei-federal-que-reconhece-o-forro-como-manifestacao-de-cultura-nacional\/","title":{"rendered":"Prefeitura de Caruaru e Funda\u00e7\u00e3o de Cultura celebram nova Lei Federal que reconhece o Forr\u00f3 como Manifesta\u00e7\u00e3o de Cultura Nacional"},"content":{"rendered":"<p>A Prefeitura de Caruaru, por meio da Funda\u00e7\u00e3o de Cultura, comemora a san\u00e7\u00e3o da lei que reconhece o forr\u00f3 como manifesta\u00e7\u00e3o da cultura nacional. A lei 14.720 foi sancionada pelo presidente Luiz In\u00e1cio Lula da Silva (PT) no dia 7 de novembro.<\/p>\n<p>\u201cViva o forr\u00f3, viva os fazedores de cultura. Viva o Mestre Luiz Gonzaga, o Rei do Bai\u00e3o. Caruaru se orgulha desse movimento e faz jus ao t\u00edtulo de Capital do Forr\u00f3\u201d, celebrou o presidente da Funda\u00e7\u00e3o, H\u00e9rlon Cavalcanti.<\/p>\n<p>Caruaru n\u00e3o \u00e9 apenas conhecida como a Capital do Forr\u00f3 como tem o Maior e Melhor S\u00e3o Jo\u00e3o do Mundo. Al\u00e9m disso, os caruaruenses e turistas t\u00eam forr\u00f3 o ano todo no munic\u00edpio, com apresenta\u00e7\u00f5es no Mercado Cultural Casa Rosa todos os fins de semana.<\/p>\n<p>\u201cTemos 72 dias de festividades juninas na zona rural e em toda cidade. A gest\u00e3o do nosso Prefeito Rodrigo Pinheiro tem feito a diferen\u00e7a na valoriza\u00e7\u00e3o dos nossos artistas locais e no novo conceito de S\u00e3o Jo\u00e3o. O pa\u00eds de Caruaru \u00e9 a Capital do Forr\u00f3!\u201d, finalizou o presidente da Funda\u00e7\u00e3o de Cultura.<\/p>\n<p>Siga o Instagram do Blog para comentar @blogdoedvaldomagalhaes<br \/>\nSe inscreva no canal do Blog no You Tube<\/p>\n","protected":false},"excerpt":{"rendered":"<p>A Prefeitura de Caruaru, por meio da Funda\u00e7\u00e3o de Cultura, comemora a san\u00e7\u00e3o da lei que reconhece o forr\u00f3 como&hellip;<\/p>\n","protected":false},"author":1,"featured_media":102686,"comment_status":"closed","ping_status":"open","sticky":false,"template":"","format":"standard","meta":{"footnotes":""},"categories":[14120],"tags":[28803,2,28801,3406,29059],"class_list":["post-102685","post","type-post","status-publish","format-standard","has-post-thumbnail","hentry","category-noticias","tag-blog-com-mais-visualizacoes","tag-blog-do-edvaldo-magalhaes","tag-blog-mais-acessado","tag-caruaru","tag-prefeitura-de-caruaru-e-fundacao-de-cultura-celebram-nova-lei-federal-que-reconhece-o-forro-como-manifestacao-de-cultura-nacional"],"_links":{"self":[{"href":"https:\/\/blogdoedvaldomagalhaes.com.br\/index.php\/wp-json\/wp\/v2\/posts\/102685","targetHints":{"allow":["GET"]}}],"collection":[{"href":"https:\/\/blogdoedvaldomagalhaes.com.br\/index.php\/wp-json\/wp\/v2\/posts"}],"about":[{"href":"https:\/\/blogdoedvaldomagalhaes.com.br\/index.php\/wp-json\/wp\/v2\/types\/post"}],"author":[{"embeddable":true,"href":"https:\/\/blogdoedvaldomagalhaes.com.br\/index.php\/wp-json\/wp\/v2\/users\/1"}],"replies":[{"embeddable":true,"href":"https:\/\/blogdoedvaldomagalhaes.com.br\/index.php\/wp-json\/wp\/v2\/comments?post=102685"}],"version-history":[{"count":1,"href":"https:\/\/blogdoedvaldomagalhaes.com.br\/index.php\/wp-json\/wp\/v2\/posts\/102685\/revisions"}],"predecessor-version":[{"id":102687,"href":"https:\/\/blogdoedvaldomagalhaes.com.br\/index.php\/wp-json\/wp\/v2\/posts\/102685\/revisions\/102687"}],"wp:featuredmedia":[{"embeddable":true,"href":"https:\/\/blogdoedvaldomagalhaes.com.br\/index.php\/wp-json\/wp\/v2\/media\/102686"}],"wp:attachment":[{"href":"https:\/\/blogdoedvaldomagalhaes.com.br\/index.php\/wp-json\/wp\/v2\/media?parent=102685"}],"wp:term":[{"taxonomy":"category","embeddable":true,"href":"https:\/\/blogdoedvaldomagalhaes.com.br\/index.php\/wp-json\/wp\/v2\/categories?post=102685"},{"taxonomy":"post_tag","embeddable":true,"href":"https:\/\/blogdoedvaldomagalhaes.com.br\/index.php\/wp-json\/wp\/v2\/tags?post=102685"}],"curies":[{"name":"wp","href":"https:\/\/api.w.org\/{rel}","templated":true}]}}