{"id":102682,"date":"2023-11-08T17:38:30","date_gmt":"2023-11-08T20:38:30","guid":{"rendered":"https:\/\/blogdoedvaldomagalhaes.com.br\/?p=102682"},"modified":"2023-11-08T17:38:31","modified_gmt":"2023-11-08T20:38:31","slug":"governo-de-pernambuco-cria-o-primeiro-orcamento-da-crianca-do-estado","status":"publish","type":"post","link":"https:\/\/blogdoedvaldomagalhaes.com.br\/index.php\/2023\/11\/08\/governo-de-pernambuco-cria-o-primeiro-orcamento-da-crianca-do-estado\/","title":{"rendered":"Governo de Pernambuco cria o primeiro Or\u00e7amento da Crian\u00e7a do Estado"},"content":{"rendered":"<p>Pela primeira vez no Estado, o Governo de Pernambuco inseriu o Or\u00e7amento da Crian\u00e7a, voltado para a primeira inf\u00e2ncia (do nascimento at\u00e9 os seis anos), no escopo da Lei Or\u00e7ament\u00e1ria Anual (LOA) 2024. Para garantir a\u00e7\u00f5es, projetos e programas que visam \u00e0 constru\u00e7\u00e3o de pol\u00edticas p\u00fablicas e eficazes, o governo prev\u00ea um investimento de R$ 2.148.963.798,00 s\u00f3 para o pr\u00f3ximo ano.<\/p>\n<p>\u201cO per\u00edodo da primeira inf\u00e2ncia requer uma aten\u00e7\u00e3o especial do poder p\u00fablico. O Or\u00e7amento da Crian\u00e7a vai garantir que as pol\u00edticas p\u00fablicas desenvolvidas no Estado para as crian\u00e7as, desde o nascimento at\u00e9 os seis anos de idade, sejam eficientes e cheguem a cada um dos munic\u00edpios pernambucanos. Assim, estaremos protegendo nossas crian\u00e7as, em uma fase em que est\u00e3o mais vulner\u00e1veis, garantindo a elas dignidade e um futuro melhor\u201d, afirma a governadora Raquel Lyra.<\/p>\n<p>Al\u00e9m disso, a gest\u00e3o tamb\u00e9m firmou um termo de coopera\u00e7\u00e3o com a Funda\u00e7\u00e3o Bernard van Leer com o objetivo de estabelecer o Plano Estadual pela Primeira Inf\u00e2ncia. Assim, a tem\u00e1tica ser\u00e1 trabalhada atrav\u00e9s de uma ampla frente de a\u00e7\u00f5es que v\u00e3o desde o desenvolvimento infantil at\u00e9 estrat\u00e9gias de preven\u00e7\u00e3o e prote\u00e7\u00e3o integral das crian\u00e7as.<\/p>\n<p>\u201cPernambuco sai, mais uma vez, na frente com a constru\u00e7\u00e3o do Or\u00e7amento da Crian\u00e7a, que vai mudar a vida das crian\u00e7as atrav\u00e9s da constru\u00e7\u00e3o de novas creches, novas maternidades e pol\u00edticas de transfer\u00eancia de renda para fam\u00edlias com crian\u00e7as na primeira inf\u00e2ncia. Essas a\u00e7\u00f5es t\u00eam o objetivo muito claro de transformar a vida das crian\u00e7as de Pernambuco\u201d, complementa o secret\u00e1rio de Planejamento, Gest\u00e3o e Desenvolvimento Regional, Fabr\u00edcio Marques.<\/p>\n<p>Em s\u00edntese, o Or\u00e7amento da Crian\u00e7a \u00e9 constitu\u00eddo pelas a\u00e7\u00f5es espec\u00edficas e ampliadas que juntas informam qual \u00e9 o Gasto Social para a Primeira Inf\u00e2ncia (GSPI) dentro da Lei Or\u00e7ament\u00e1ria Anual. J\u00e1 os temas abordados nas a\u00e7\u00f5es foram definidos em parceria com o Unicef, parceiro do Governo de Pernambuco no desenvolvimento do Or\u00e7amento da Crian\u00e7a, o primeiro no Brasil a seguir a metodologia da organiza\u00e7\u00e3o da ONU.<\/p>\n<p>A iniciativa segue as propostas do Plano de Governo da governadora Raquel Lyra, que estabeleceu o desenvolvimento e implanta\u00e7\u00e3o de pol\u00edticas p\u00fablicas voltadas \u00e0 primeira inf\u00e2ncia tamb\u00e9m determinadas pelo Marco Legal da Primeira Inf\u00e2ncia (MLPI &#8211; Lei 13.257\/16).<\/p>\n<p>Com essas a\u00e7\u00f5es, Pernambuco passa a estar alinhado com pautas globais, como o \u201cNurturing Care\u201d, cuidado integral para o desenvolvimento na primeira inf\u00e2ncia, e os Objetivos de Desenvolvimento Sustent\u00e1vel (ODS), que fazem parte de resolu\u00e7\u00e3o da Assembleia Geral das Na\u00e7\u00f5es Unidas: &#8220;Transformando o nosso mundo: a Agenda 2030 para o Desenvolvimento Sustent\u00e1vel&#8221;. Apesar de alguns ODS n\u00e3o mencionarem diretamente as crian\u00e7as menores de seis anos, o UNICEF ressalta que todos s\u00e3o relevantes para o desenvolvimento e o futuro delas, especialmente para proteger seus direitos.<br \/>\nFoto: Jana\u00edna Pepeu\/Secom<\/p>\n<p>Siga o Instagram do Blog @blogdoedvaldomagalhaes<br \/>\nSe inscreva no canal do Blog no You Tube<\/p>\n","protected":false},"excerpt":{"rendered":"<p>Pela primeira vez no Estado, o Governo de Pernambuco inseriu o Or\u00e7amento da Crian\u00e7a, voltado para a primeira inf\u00e2ncia (do&hellip;<\/p>\n","protected":false},"author":1,"featured_media":102683,"comment_status":"closed","ping_status":"open","sticky":false,"template":"","format":"standard","meta":{"footnotes":""},"categories":[14122],"tags":[28803,2,28801,3406,29058,20],"class_list":["post-102682","post","type-post","status-publish","format-standard","has-post-thumbnail","hentry","category-politica","tag-blog-com-mais-visualizacoes","tag-blog-do-edvaldo-magalhaes","tag-blog-mais-acessado","tag-caruaru","tag-governo-de-pernambuco-cria-o-primeiro-orcamento-da-crianca-do-estado","tag-politica"],"_links":{"self":[{"href":"https:\/\/blogdoedvaldomagalhaes.com.br\/index.php\/wp-json\/wp\/v2\/posts\/102682","targetHints":{"allow":["GET"]}}],"collection":[{"href":"https:\/\/blogdoedvaldomagalhaes.com.br\/index.php\/wp-json\/wp\/v2\/posts"}],"about":[{"href":"https:\/\/blogdoedvaldomagalhaes.com.br\/index.php\/wp-json\/wp\/v2\/types\/post"}],"author":[{"embeddable":true,"href":"https:\/\/blogdoedvaldomagalhaes.com.br\/index.php\/wp-json\/wp\/v2\/users\/1"}],"replies":[{"embeddable":true,"href":"https:\/\/blogdoedvaldomagalhaes.com.br\/index.php\/wp-json\/wp\/v2\/comments?post=102682"}],"version-history":[{"count":1,"href":"https:\/\/blogdoedvaldomagalhaes.com.br\/index.php\/wp-json\/wp\/v2\/posts\/102682\/revisions"}],"predecessor-version":[{"id":102684,"href":"https:\/\/blogdoedvaldomagalhaes.com.br\/index.php\/wp-json\/wp\/v2\/posts\/102682\/revisions\/102684"}],"wp:featuredmedia":[{"embeddable":true,"href":"https:\/\/blogdoedvaldomagalhaes.com.br\/index.php\/wp-json\/wp\/v2\/media\/102683"}],"wp:attachment":[{"href":"https:\/\/blogdoedvaldomagalhaes.com.br\/index.php\/wp-json\/wp\/v2\/media?parent=102682"}],"wp:term":[{"taxonomy":"category","embeddable":true,"href":"https:\/\/blogdoedvaldomagalhaes.com.br\/index.php\/wp-json\/wp\/v2\/categories?post=102682"},{"taxonomy":"post_tag","embeddable":true,"href":"https:\/\/blogdoedvaldomagalhaes.com.br\/index.php\/wp-json\/wp\/v2\/tags?post=102682"}],"curies":[{"name":"wp","href":"https:\/\/api.w.org\/{rel}","templated":true}]}}