{"id":102679,"date":"2023-11-08T16:58:29","date_gmt":"2023-11-08T19:58:29","guid":{"rendered":"https:\/\/blogdoedvaldomagalhaes.com.br\/?p=102679"},"modified":"2023-11-08T17:17:00","modified_gmt":"2023-11-08T20:17:00","slug":"ao-lado-do-presidente-lula-governadora-raquel-lyra-comemora-assinatura-da-ordem-de-servico-da-duplicacao-da-br-423","status":"publish","type":"post","link":"https:\/\/blogdoedvaldomagalhaes.com.br\/index.php\/2023\/11\/08\/ao-lado-do-presidente-lula-governadora-raquel-lyra-comemora-assinatura-da-ordem-de-servico-da-duplicacao-da-br-423\/","title":{"rendered":"Ao lado do presidente Lula, governadora Raquel Lyra comemora assinatura da ordem de servi\u00e7o da duplica\u00e7\u00e3o da BR-423"},"content":{"rendered":"<p>Contemplada pelo Novo PAC, a duplica\u00e7\u00e3o da BR-423 ir\u00e1 come\u00e7ar pelo estado de Pernambuco. A ordem de servi\u00e7o da obra foi assinada nesta quarta-feira (8), em Bras\u00edlia, com a presen\u00e7a do presidente Lula, da governadora Raquel Lyra e do ministro dos Transportes, Renan Filho. Al\u00e9m de Pernambuco, a rodovia faz a liga\u00e7\u00e3o dos estados de Alagoas e Bahia, integrando as cidades de Garanhuns (PE), Ouro Branco (AL) e Paulo Afonso (BA). A malha vi\u00e1ria ter\u00e1 43,1 quil\u00f4metros duplicados pelo governo federal, no trecho entre os munic\u00edpios de S\u00e3o Caetano e Lajedo, contando com um investimento previsto de R$ 330,3 milh\u00f5es.<\/p>\n<p>Durante seu discurso, o presidente Lula destacou a parceria com o Estado. &#8220;Por muitas d\u00e9cadas o Nordeste foi esquecido pelo poder central. Por isso, fa\u00e7o quest\u00e3o de assinar a ordem de servi\u00e7o de uma obra que \u00e9 cobrada pelo povo pernambucano h\u00e1 muito tempo. Pernambuco ficou muito tempo sem receber investimento. O que faz uma obra acontecer \u00e9 a clareza do projeto, e \u00e9 por isso que tamb\u00e9m tomamos a decis\u00e3o de retomar a Transnordestina at\u00e9 o Porto de Suape. Parabenizo a governadora Raquel Lyra, que tem sido nossa parceira, e afirmo que ser\u00e1 recebida sempre pelo nosso governo&#8221;, ressaltou.<\/p>\n<p>&#8220;Estamos tirando um sonho de muitas d\u00e9cadas do papel e atendendo a uma demanda da popula\u00e7\u00e3o do Agreste. Al\u00e9m de ligar a outros estados, a rodovia tamb\u00e9m \u00e9 importante para o escoamento das mercadorias produzidas no polo de confec\u00e7\u00f5es, rota do queijo, do leite, ind\u00fastria agropecu\u00e1ria e a agricultura familiar, por exemplo. A duplica\u00e7\u00e3o ir\u00e1 contribuir para a gera\u00e7\u00e3o de empregos, tanto durante o per\u00edodo de execu\u00e7\u00e3o da obra, como depois que for entregue, dando mais dinamismo econ\u00f4mico \u00e0 regi\u00e3o. Agrade\u00e7o ao presidente Lula e ao ministro Renan Filho por manterem o di\u00e1logo e atenderem \u00e0quilo que \u00e9 prioridade para o povo pernambucano&#8221;, destacou Raquel Lyra.<\/p>\n<p>A obra foi atendida pelo Novo PAC e \u00e9 resultado da articula\u00e7\u00e3o da gestora, que desde o in\u00edcio do ano apresentou a duplica\u00e7\u00e3o da rodovia como priorit\u00e1ria para o desenvolvimento do Estado. Os servi\u00e7os de duplica\u00e7\u00e3o e adequa\u00e7\u00e3o ser\u00e3o executados pelo Departamento Nacional de Infraestrutura de Transportes (DNIT) em 43,1 quil\u00f4metros da rodovia federal, do quil\u00f4metro 18,2 ao 61,3, com investimento previsto de R$ 330,3 milh\u00f5es.<\/p>\n<p>De acordo com o ministro dos Transportes, Renan Filho, a obra tamb\u00e9m ir\u00e1 impulsionar o turismo, j\u00e1 que a malha vi\u00e1ria faz liga\u00e7\u00e3o com tr\u00eas estados brasileiros. \u201cA BR-423 \u00e9 fundamental n\u00e3o somente para o escoamento da produ\u00e7\u00e3o local, mas tamb\u00e9m uma importante rota tur\u00edstica. Por esse motivo, investir na regi\u00e3o \u00e9 fortalecer o Estado, impulsionar a economia e a gera\u00e7\u00e3o de emprego. Gostaria de parabenizar o trabalho que o estado de Pernambuco tem feito, tendo agilizado o licenciamento ambiental para receber os investimentos\u201d, afirmou.<\/p>\n<p>&#8220;Hoje \u00e9 um dia de muita alegria ver que a obra ser\u00e1 iniciada de imediato. Estrada de qualidade ajuda a trazer mais dignidade para a popula\u00e7\u00e3o, faz escoar a produ\u00e7\u00e3o e garante que as pessoas possam se deslocar de forma mais r\u00e1pida. Pernambuco e o Brasil vivem um novo momento com a volta do Novo PAC&#8221;, destacou o deputado federal  Carlos Veras, que discursou representando a bancada federal de Pernambuco.<\/p>\n<p>Segundo o governo federal, a instala\u00e7\u00e3o do canteiro de obras e dos equipamentos j\u00e1 come\u00e7ou, preparando a pista para a execu\u00e7\u00e3o de servi\u00e7os de terraplanagem e drenagem, inicialmente nos primeiros 20 quil\u00f4metros. A obra total cobre 83,1 quil\u00f4metros, ligando os munic\u00edpios de S\u00e3o Caetano, Cachoeirinha, Lajedo, Cal\u00e7ado, Jupi, Jucati e S\u00e3o Jo\u00e3o, todos na regi\u00e3o Agreste, chegando at\u00e9 Garanhuns. Todo o empreendimento tem um investimento p\u00fablico previsto de R$ 554 milh\u00f5es. A rodovia possui fluxo m\u00e9dio de 17 mil ve\u00edculos por dia e quando a amplia\u00e7\u00e3o ir\u00e1 beneficiar diretamente cerca de 300 mil habitantes.<\/p>\n<p>Estiveram presentes na solenidade o secret\u00e1rio da Casa Civil, T\u00falio Vila\u00e7a; os ministros Rui Costa (Casa Civil), Luciana Santos (Ci\u00eancia, Tecnologia e Inova\u00e7\u00e3o), Alexandre Padilha (Rela\u00e7\u00f5es Institucionais), Andr\u00e9 de Paula (Pesca e Aquicultura), Jos\u00e9 Messias (AGU) e Silvio Costa Filho (Portos e Aeroportos); os senadores Teresa Leit\u00e3o, Fernando Dueire e Humberto Costa; os deputados federais Iza Arruda, Carlos Veras, Felipe Carreras, Maria Arraes, Pedro Campos, Eriberto Medeiros, Renildo Calheiros, Luciano Bivar, Augusto Coutinho, Guilherme Uchoa, Waldemar Oliveira e Fernando Monteiro; o estadual, Doriel Barros. Tamb\u00e9m participaram o diretor-geral do DNIT, Fabr\u00edcio Galv\u00e3o e os prefeitos Sivaldo Albino (Garanhuns) e M\u00e1rcia Conrado (Serra Talhada).<br \/>\nFotos: Ricardo Stuckert\/PR.<\/p>\n<p>Siga o Instagram do Blog para comentar @blogdoedvaldomagalhaes<br \/>\nSe inscreva no canal do Blog no You Tube<\/p>\n","protected":false},"excerpt":{"rendered":"<p>Contemplada pelo Novo PAC, a duplica\u00e7\u00e3o da BR-423 ir\u00e1 come\u00e7ar pelo estado de Pernambuco. A ordem de servi\u00e7o da obra&hellip;<\/p>\n","protected":false},"author":1,"featured_media":102680,"comment_status":"closed","ping_status":"open","sticky":false,"template":"","format":"standard","meta":{"footnotes":""},"categories":[14122],"tags":[29057,28803,2,19430,3406,20],"class_list":["post-102679","post","type-post","status-publish","format-standard","has-post-thumbnail","hentry","category-politica","tag-ao-lado-do-presidente-lula-governadora-raquel-lyra-comemora-assinatura-da-ordem-de-servico-da-duplicacao-da-br-423","tag-blog-com-mais-visualizacoes","tag-blog-do-edvaldo-magalhaes","tag-blog-mais-acessado-de-caruaru","tag-caruaru","tag-politica"],"_links":{"self":[{"href":"https:\/\/blogdoedvaldomagalhaes.com.br\/index.php\/wp-json\/wp\/v2\/posts\/102679","targetHints":{"allow":["GET"]}}],"collection":[{"href":"https:\/\/blogdoedvaldomagalhaes.com.br\/index.php\/wp-json\/wp\/v2\/posts"}],"about":[{"href":"https:\/\/blogdoedvaldomagalhaes.com.br\/index.php\/wp-json\/wp\/v2\/types\/post"}],"author":[{"embeddable":true,"href":"https:\/\/blogdoedvaldomagalhaes.com.br\/index.php\/wp-json\/wp\/v2\/users\/1"}],"replies":[{"embeddable":true,"href":"https:\/\/blogdoedvaldomagalhaes.com.br\/index.php\/wp-json\/wp\/v2\/comments?post=102679"}],"version-history":[{"count":1,"href":"https:\/\/blogdoedvaldomagalhaes.com.br\/index.php\/wp-json\/wp\/v2\/posts\/102679\/revisions"}],"predecessor-version":[{"id":102681,"href":"https:\/\/blogdoedvaldomagalhaes.com.br\/index.php\/wp-json\/wp\/v2\/posts\/102679\/revisions\/102681"}],"wp:featuredmedia":[{"embeddable":true,"href":"https:\/\/blogdoedvaldomagalhaes.com.br\/index.php\/wp-json\/wp\/v2\/media\/102680"}],"wp:attachment":[{"href":"https:\/\/blogdoedvaldomagalhaes.com.br\/index.php\/wp-json\/wp\/v2\/media?parent=102679"}],"wp:term":[{"taxonomy":"category","embeddable":true,"href":"https:\/\/blogdoedvaldomagalhaes.com.br\/index.php\/wp-json\/wp\/v2\/categories?post=102679"},{"taxonomy":"post_tag","embeddable":true,"href":"https:\/\/blogdoedvaldomagalhaes.com.br\/index.php\/wp-json\/wp\/v2\/tags?post=102679"}],"curies":[{"name":"wp","href":"https:\/\/api.w.org\/{rel}","templated":true}]}}