{"id":102670,"date":"2023-11-08T14:35:18","date_gmt":"2023-11-08T17:35:18","guid":{"rendered":"https:\/\/blogdoedvaldomagalhaes.com.br\/?p=102670"},"modified":"2023-11-08T14:35:20","modified_gmt":"2023-11-08T17:35:20","slug":"dia-municipal-da-pessoa-com-deficiencia-sera-celebrado-em-caruaru","status":"publish","type":"post","link":"https:\/\/blogdoedvaldomagalhaes.com.br\/index.php\/2023\/11\/08\/dia-municipal-da-pessoa-com-deficiencia-sera-celebrado-em-caruaru\/","title":{"rendered":"Dia Municipal da Pessoa com Defici\u00eancia ser\u00e1 celebrado em Caruaru"},"content":{"rendered":"<p>A Secretaria de Desenvolvimento Social e Direitos Humanos (SDSDH) e do Conselho Municipal dos Direitos da Pessoa com Defici\u00eancia (COMUD), promover\u00e1 palestras com a tem\u00e1tica \u201cFam\u00edlia, o primeiro lugar para inclus\u00e3o\u201d, a\u00e7\u00e3o alusiva ao Dia Municipal da Pessoa com Defici\u00eancia, comemorado em 13 de novembro.<\/p>\n<p>O evento organizado pelo Servi\u00e7o de Inclus\u00e3o Social para Pessoa com Defici\u00eancia (SISPD) acontecer\u00e1 dia 13, no audit\u00f3rio da SDSDH, que fica na Pra\u00e7a Pedro de Souza, n\u00ba 30, no bairro Nossa Senhora das Dores, ser\u00e1, a partir das 8h. A a\u00e7\u00e3o \u00e9 aberta ao p\u00fabico.<\/p>\n<p>S\u00e3o 60 vagas e os interessados dever\u00e3o fazer a inscri\u00e7\u00e3o por meio do formul\u00e1rio eletr\u00f4nico:<br \/>\nhttps:\/\/docs.google.com\/forms\/d\/e\/1FAIpQLSevMCSWPK1aIbPDF5PjgGzvX3IxlczJmLMuqJQp-UMUhylCGA\/viewform?pli=1#settings, de 08 a 12 de novembro.<\/p>\n<p>Para mais informa\u00e7\u00f5es \u00e9 s\u00f3 entrar em contato com o SISPD, (81) 98384-5652, de segunda a sexta-feira, das 8h \u00e0s 17h.<\/p>\n<p>Siga o Instagram do Blog para comentar @blogdoedvaldomagalhaes<br \/>\nSe inscreva no canal do Blog no You Tube<\/p>\n","protected":false},"excerpt":{"rendered":"<p>A Secretaria de Desenvolvimento Social e Direitos Humanos (SDSDH) e do Conselho Municipal dos Direitos da Pessoa com Defici\u00eancia (COMUD),&hellip;<\/p>\n","protected":false},"author":1,"featured_media":102671,"comment_status":"closed","ping_status":"open","sticky":false,"template":"","format":"standard","meta":{"footnotes":""},"categories":[14120],"tags":[28803,2,28801,3406,29055],"class_list":["post-102670","post","type-post","status-publish","format-standard","has-post-thumbnail","hentry","category-noticias","tag-blog-com-mais-visualizacoes","tag-blog-do-edvaldo-magalhaes","tag-blog-mais-acessado","tag-caruaru","tag-dia-municipal-da-pessoa-com-deficiencia-sera-celebrado-em-caruaru"],"_links":{"self":[{"href":"https:\/\/blogdoedvaldomagalhaes.com.br\/index.php\/wp-json\/wp\/v2\/posts\/102670","targetHints":{"allow":["GET"]}}],"collection":[{"href":"https:\/\/blogdoedvaldomagalhaes.com.br\/index.php\/wp-json\/wp\/v2\/posts"}],"about":[{"href":"https:\/\/blogdoedvaldomagalhaes.com.br\/index.php\/wp-json\/wp\/v2\/types\/post"}],"author":[{"embeddable":true,"href":"https:\/\/blogdoedvaldomagalhaes.com.br\/index.php\/wp-json\/wp\/v2\/users\/1"}],"replies":[{"embeddable":true,"href":"https:\/\/blogdoedvaldomagalhaes.com.br\/index.php\/wp-json\/wp\/v2\/comments?post=102670"}],"version-history":[{"count":1,"href":"https:\/\/blogdoedvaldomagalhaes.com.br\/index.php\/wp-json\/wp\/v2\/posts\/102670\/revisions"}],"predecessor-version":[{"id":102672,"href":"https:\/\/blogdoedvaldomagalhaes.com.br\/index.php\/wp-json\/wp\/v2\/posts\/102670\/revisions\/102672"}],"wp:featuredmedia":[{"embeddable":true,"href":"https:\/\/blogdoedvaldomagalhaes.com.br\/index.php\/wp-json\/wp\/v2\/media\/102671"}],"wp:attachment":[{"href":"https:\/\/blogdoedvaldomagalhaes.com.br\/index.php\/wp-json\/wp\/v2\/media?parent=102670"}],"wp:term":[{"taxonomy":"category","embeddable":true,"href":"https:\/\/blogdoedvaldomagalhaes.com.br\/index.php\/wp-json\/wp\/v2\/categories?post=102670"},{"taxonomy":"post_tag","embeddable":true,"href":"https:\/\/blogdoedvaldomagalhaes.com.br\/index.php\/wp-json\/wp\/v2\/tags?post=102670"}],"curies":[{"name":"wp","href":"https:\/\/api.w.org\/{rel}","templated":true}]}}