{"id":102667,"date":"2023-11-08T14:19:55","date_gmt":"2023-11-08T17:19:55","guid":{"rendered":"https:\/\/blogdoedvaldomagalhaes.com.br\/?p=102667"},"modified":"2023-11-08T14:19:56","modified_gmt":"2023-11-08T17:19:56","slug":"2a-oficina-da-gestao-estrategica-mppe-2024-2029","status":"publish","type":"post","link":"https:\/\/blogdoedvaldomagalhaes.com.br\/index.php\/2023\/11\/08\/2a-oficina-da-gestao-estrategica-mppe-2024-2029\/","title":{"rendered":"2\u00aa Oficina da Gest\u00e3o Estrat\u00e9gica MPPE 2024-2029\u00a0"},"content":{"rendered":"<p>Membros do Minist\u00e9rio P\u00fablico de Pernambuco (MPPE) se reunir\u00e3o na ter\u00e7a-feira, 14 de novembro, no Espa\u00e7o Renato Machado Pettit, a partir das 9h, em Caruaru, para a segunda oficina regional que visa elaborar programas e a\u00e7\u00f5es da atua\u00e7\u00e3o final\u00edstica para constru\u00e7\u00e3o do novo ciclo de Gest\u00e3o Estrat\u00e9gica MPPE 2024- 2029.<\/p>\n<p>Nesse evento ser\u00e3o trabalhados temas sobre Meio Ambiente, Sa\u00fade, Inf\u00e2ncia e Juventude, Consumidor e Educa\u00e7\u00e3o.<\/p>\n<p>A primeira oficina, que ocorreu no \u00faltimo dia 6, no Porto Digital, no Bairro do Recife, discutiu temas de Cidadania como Mulher, Pessoas Idosas, Pessoas com Defici\u00eancia, Igualdade \u00c9tnico-Racial, LGBTQIA+, Seguran\u00e7a Alimentar, assim como os relativos \u00e0 atua\u00e7\u00e3o Criminal, Defesa Social e Patrim\u00f4nio P\u00fablico.<\/p>\n<p>\u00c1reas tem\u00e1ticas:<br \/>\n&#8211; Inf\u00e2ncia e Juventude (20 vagas)<br \/>\n&#8211; Educa\u00e7\u00e3o (20 vagas)<br \/>\n&#8211; Sa\u00fade (20 vagas)<br \/>\n&#8211; Meio Ambiente (20 vagas)<br \/>\n&#8211; Consumidor (20 vagas)<\/p>\n<p>&#8211; P\u00fablico: membro(as) do MPPE.<\/p>\n<p>&#8211; Local:  Espa\u00e7o Renato Machado Pettit. Rod. PE-095\/Km 01 &#8211; Caruaru &#8211; PE.<\/p>\n<p>*PROGRAMA\u00c7\u00c3O*<\/p>\n<p>8h30 | Credenciamento e caf\u00e9 da manh\u00e3<br \/>\n9h00 | Abertura<br \/>\n9h30h | Din\u00e2mica: Constru\u00e7\u00e3o dos Programas<br \/>\n12h00 | Intervalo para almo\u00e7o<br \/>\n13h30 | Din\u00e2mica: Constru\u00e7\u00e3o das A\u00e7\u00f5es<br \/>\n16h00 | Encerramento<\/p>\n","protected":false},"excerpt":{"rendered":"<p>Membros do Minist\u00e9rio P\u00fablico de Pernambuco (MPPE) se reunir\u00e3o na ter\u00e7a-feira, 14 de novembro, no Espa\u00e7o Renato Machado Pettit, a&hellip;<\/p>\n","protected":false},"author":1,"featured_media":102668,"comment_status":"closed","ping_status":"open","sticky":false,"template":"","format":"standard","meta":{"footnotes":""},"categories":[14120],"tags":[29054,28803,2,28801,3406],"class_list":["post-102667","post","type-post","status-publish","format-standard","has-post-thumbnail","hentry","category-noticias","tag-2a-oficina-da-gestao-estrategica-mppe-2024-2029","tag-blog-com-mais-visualizacoes","tag-blog-do-edvaldo-magalhaes","tag-blog-mais-acessado","tag-caruaru"],"_links":{"self":[{"href":"https:\/\/blogdoedvaldomagalhaes.com.br\/index.php\/wp-json\/wp\/v2\/posts\/102667","targetHints":{"allow":["GET"]}}],"collection":[{"href":"https:\/\/blogdoedvaldomagalhaes.com.br\/index.php\/wp-json\/wp\/v2\/posts"}],"about":[{"href":"https:\/\/blogdoedvaldomagalhaes.com.br\/index.php\/wp-json\/wp\/v2\/types\/post"}],"author":[{"embeddable":true,"href":"https:\/\/blogdoedvaldomagalhaes.com.br\/index.php\/wp-json\/wp\/v2\/users\/1"}],"replies":[{"embeddable":true,"href":"https:\/\/blogdoedvaldomagalhaes.com.br\/index.php\/wp-json\/wp\/v2\/comments?post=102667"}],"version-history":[{"count":1,"href":"https:\/\/blogdoedvaldomagalhaes.com.br\/index.php\/wp-json\/wp\/v2\/posts\/102667\/revisions"}],"predecessor-version":[{"id":102669,"href":"https:\/\/blogdoedvaldomagalhaes.com.br\/index.php\/wp-json\/wp\/v2\/posts\/102667\/revisions\/102669"}],"wp:featuredmedia":[{"embeddable":true,"href":"https:\/\/blogdoedvaldomagalhaes.com.br\/index.php\/wp-json\/wp\/v2\/media\/102668"}],"wp:attachment":[{"href":"https:\/\/blogdoedvaldomagalhaes.com.br\/index.php\/wp-json\/wp\/v2\/media?parent=102667"}],"wp:term":[{"taxonomy":"category","embeddable":true,"href":"https:\/\/blogdoedvaldomagalhaes.com.br\/index.php\/wp-json\/wp\/v2\/categories?post=102667"},{"taxonomy":"post_tag","embeddable":true,"href":"https:\/\/blogdoedvaldomagalhaes.com.br\/index.php\/wp-json\/wp\/v2\/tags?post=102667"}],"curies":[{"name":"wp","href":"https:\/\/api.w.org\/{rel}","templated":true}]}}