{"id":102653,"date":"2023-11-07T22:22:19","date_gmt":"2023-11-08T01:22:19","guid":{"rendered":"https:\/\/blogdoedvaldomagalhaes.com.br\/?p=102653"},"modified":"2023-11-07T22:22:20","modified_gmt":"2023-11-08T01:22:20","slug":"em-brasilia-governadora-raquel-lyra-se-reune-com-ministro-renan-filho-para-tratar-sobre-transnordestina-e-obras-em-rodovias-de-pernambuco","status":"publish","type":"post","link":"https:\/\/blogdoedvaldomagalhaes.com.br\/index.php\/2023\/11\/07\/em-brasilia-governadora-raquel-lyra-se-reune-com-ministro-renan-filho-para-tratar-sobre-transnordestina-e-obras-em-rodovias-de-pernambuco\/","title":{"rendered":"Em Bras\u00edlia, governadora Raquel Lyra se re\u00fane com ministro Renan Filho para tratar sobre Transnordestina e obras em rodovias de Pernambuco"},"content":{"rendered":"<p>A governadora Raquel Lyra se reuniu nesta ter\u00e7a-feira, 07, com o ministro dos Transportes, Renan Filho, e equipe t\u00e9cnica do minist\u00e9rio para conversar sobre as obras estrat\u00e9gicas para as rodovias e a Transnordestina em Pernambuco. O encontro aconteceu no final do dia desta ter\u00e7a-feira (7).<\/p>\n<p>\u201cA gente teve uma reuni\u00e3o no Minist\u00e9rio dos Transportes para discutir sobre a retomada das obras da Transnordestina, o aumento da extens\u00e3o do projeto que ser\u00e1 licitado no ano que vem, al\u00e9m de outras obras que est\u00e3o sendo feitas em parceria entre o governo do Estado e o Minist\u00e9rio dos Transportes, atrav\u00e9s do ministro Renan e toda a sua equipe. A gente segue trabalhando por Pernambuco garantindo mais investimentos para devolver Pernambuco ao seu lugar de desenvolvimento\u201d, ressaltou a governadora Raquel Lyra.<\/p>\n<p>Estiveram tamb\u00e9m presentes na reuni\u00e3o Leonardo Ribeiro, secret\u00e1rio Nacional de Transporte Ferrovi\u00e1rio; Marcone Arani, consultor jur\u00eddico; Fabr\u00edcio Galv\u00e3o, diretor-geral do DNIT; Jorge Bastos, diretor da Infra SA; George Santoro, secret\u00e1rio executivo; Maryane Figueiredo, secret\u00e1ria Nacional de Transporte Ferrovi\u00e1rio Substituta; Eduardo Pra\u00e7a, Assessor Especial; Paula Passos, Gerente de Projetos; Lu\u00eds Fernando, Assessor, al\u00e9m dos secret\u00e1rios estaduais de Pernambuco T\u00falio Vila\u00e7a, da Casa Civil, e Diogo Bezerra, de Mobilidade e Infraestrutura.<\/p>\n<p>A governadora finalizou a agenda em visita ao ministro do Trabalho e Emprego, Luiz Marinho.<\/p>\n<p>*Ordem de servi\u00e7o* &#8211; Nesta quarta-feira (8), a gestora vai estar com o presidente Lula e o ministro Renan para assinar a ordem de servi\u00e7o da duplica\u00e7\u00e3o da BR-423. A rodovia passar\u00e1 por obras em um trecho de 43,1 quil\u00f4metros entre os munic\u00edpios de S\u00e3o Caetano e Lajedo, no Agreste. A solenidade ser\u00e1 \u00e0s 11h30. Fotos: Divulga\u00e7\u00e3o.<\/p>\n<p>Siga o Instagram do Blog para comentar @blogdoedvaldomagalhaes<br \/>\nSe inscreva no canal do Blog no You Tube<\/p>\n","protected":false},"excerpt":{"rendered":"<p>A governadora Raquel Lyra se reuniu nesta ter\u00e7a-feira, 07, com o ministro dos Transportes, Renan Filho, e equipe t\u00e9cnica do&hellip;<\/p>\n","protected":false},"author":1,"featured_media":102654,"comment_status":"closed","ping_status":"open","sticky":false,"template":"","format":"standard","meta":{"footnotes":""},"categories":[14122],"tags":[28803,2,19430,3406,29050,20,1229],"class_list":["post-102653","post","type-post","status-publish","format-standard","has-post-thumbnail","hentry","category-politica","tag-blog-com-mais-visualizacoes","tag-blog-do-edvaldo-magalhaes","tag-blog-mais-acessado-de-caruaru","tag-caruaru","tag-em-brasilia-governadora-raquel-lyra-se-reune-com-ministro-renan-filho-para-tratar-sobre-transnordestina-e-obras-em-rodovias-de-pernambuco","tag-politica","tag-raquel-lyra"],"_links":{"self":[{"href":"https:\/\/blogdoedvaldomagalhaes.com.br\/index.php\/wp-json\/wp\/v2\/posts\/102653","targetHints":{"allow":["GET"]}}],"collection":[{"href":"https:\/\/blogdoedvaldomagalhaes.com.br\/index.php\/wp-json\/wp\/v2\/posts"}],"about":[{"href":"https:\/\/blogdoedvaldomagalhaes.com.br\/index.php\/wp-json\/wp\/v2\/types\/post"}],"author":[{"embeddable":true,"href":"https:\/\/blogdoedvaldomagalhaes.com.br\/index.php\/wp-json\/wp\/v2\/users\/1"}],"replies":[{"embeddable":true,"href":"https:\/\/blogdoedvaldomagalhaes.com.br\/index.php\/wp-json\/wp\/v2\/comments?post=102653"}],"version-history":[{"count":1,"href":"https:\/\/blogdoedvaldomagalhaes.com.br\/index.php\/wp-json\/wp\/v2\/posts\/102653\/revisions"}],"predecessor-version":[{"id":102655,"href":"https:\/\/blogdoedvaldomagalhaes.com.br\/index.php\/wp-json\/wp\/v2\/posts\/102653\/revisions\/102655"}],"wp:featuredmedia":[{"embeddable":true,"href":"https:\/\/blogdoedvaldomagalhaes.com.br\/index.php\/wp-json\/wp\/v2\/media\/102654"}],"wp:attachment":[{"href":"https:\/\/blogdoedvaldomagalhaes.com.br\/index.php\/wp-json\/wp\/v2\/media?parent=102653"}],"wp:term":[{"taxonomy":"category","embeddable":true,"href":"https:\/\/blogdoedvaldomagalhaes.com.br\/index.php\/wp-json\/wp\/v2\/categories?post=102653"},{"taxonomy":"post_tag","embeddable":true,"href":"https:\/\/blogdoedvaldomagalhaes.com.br\/index.php\/wp-json\/wp\/v2\/tags?post=102653"}],"curies":[{"name":"wp","href":"https:\/\/api.w.org\/{rel}","templated":true}]}}