{"id":102649,"date":"2023-11-07T22:00:30","date_gmt":"2023-11-08T01:00:30","guid":{"rendered":"https:\/\/blogdoedvaldomagalhaes.com.br\/?p=102649"},"modified":"2023-11-07T22:41:21","modified_gmt":"2023-11-08T01:41:21","slug":"vereador-cabo-cardoso-faz-reinvindicacoes-em-prol-dos-mototaxistas-e-motoristas-de-aplicativo","status":"publish","type":"post","link":"https:\/\/blogdoedvaldomagalhaes.com.br\/index.php\/2023\/11\/07\/vereador-cabo-cardoso-faz-reinvindicacoes-em-prol-dos-mototaxistas-e-motoristas-de-aplicativo\/","title":{"rendered":"Vereador Cabo Cardoso faz reinvindica\u00e7\u00f5es em prol dos mototaxistas e motoristas de aplicativo"},"content":{"rendered":"<p>O Vereador Cabo Cardoso fez duas reivindica\u00e7\u00f5es muito importantes para os moto-taxistas e motoristas de aplicativos. O parlamentar solicitou atrav\u00e9s de uma indica\u00e7\u00e3o ao governo do estado, isen\u00e7\u00e3o de IPVA para os motoristas de aplicativos de carro que estejam cadastrados em seus munic\u00edpios. O Vereador tamb\u00e9m requereu ao Minist\u00e9rio dos Transportes e ao Minist\u00e9rio da Fazenda isen\u00e7\u00e3o de IPI para a compra de motocicletas para os moto-taxistas e de carros para os motoristas de aplicativos que estejam cadastrados em seus munic\u00edpios, excelente iniciativa do Vereador que poder\u00e1 atrav\u00e9s dessas indica\u00e7\u00f5es beneficiar v\u00e1rios trabalhadores por todo Pa\u00eds, em especial em Caruaru e o Estado de Pernambuco. Foto: Vladimir Barreto.<\/p>\n<p>Siga o Instagram do Blog para comentar @blogdoedvaldomagalhaes<br \/>\nSe inscreva no canal do Blog no You Tube<\/p>\n","protected":false},"excerpt":{"rendered":"<p>O Vereador Cabo Cardoso fez duas reivindica\u00e7\u00f5es muito importantes para os moto-taxistas e motoristas de aplicativos. O parlamentar solicitou atrav\u00e9s&hellip;<\/p>\n","protected":false},"author":1,"featured_media":99421,"comment_status":"closed","ping_status":"open","sticky":false,"template":"","format":"standard","meta":{"footnotes":""},"categories":[14122],"tags":[28803,2,28801,3406,29048],"class_list":["post-102649","post","type-post","status-publish","format-standard","has-post-thumbnail","hentry","category-politica","tag-blog-com-mais-visualizacoes","tag-blog-do-edvaldo-magalhaes","tag-blog-mais-acessado","tag-caruaru","tag-vereador-cabo-cardoso-faz-reinvindicacoes-em-prol-dos-mototaxistas-e-motoristas-de-aplicativo"],"_links":{"self":[{"href":"https:\/\/blogdoedvaldomagalhaes.com.br\/index.php\/wp-json\/wp\/v2\/posts\/102649","targetHints":{"allow":["GET"]}}],"collection":[{"href":"https:\/\/blogdoedvaldomagalhaes.com.br\/index.php\/wp-json\/wp\/v2\/posts"}],"about":[{"href":"https:\/\/blogdoedvaldomagalhaes.com.br\/index.php\/wp-json\/wp\/v2\/types\/post"}],"author":[{"embeddable":true,"href":"https:\/\/blogdoedvaldomagalhaes.com.br\/index.php\/wp-json\/wp\/v2\/users\/1"}],"replies":[{"embeddable":true,"href":"https:\/\/blogdoedvaldomagalhaes.com.br\/index.php\/wp-json\/wp\/v2\/comments?post=102649"}],"version-history":[{"count":3,"href":"https:\/\/blogdoedvaldomagalhaes.com.br\/index.php\/wp-json\/wp\/v2\/posts\/102649\/revisions"}],"predecessor-version":[{"id":102657,"href":"https:\/\/blogdoedvaldomagalhaes.com.br\/index.php\/wp-json\/wp\/v2\/posts\/102649\/revisions\/102657"}],"wp:featuredmedia":[{"embeddable":true,"href":"https:\/\/blogdoedvaldomagalhaes.com.br\/index.php\/wp-json\/wp\/v2\/media\/99421"}],"wp:attachment":[{"href":"https:\/\/blogdoedvaldomagalhaes.com.br\/index.php\/wp-json\/wp\/v2\/media?parent=102649"}],"wp:term":[{"taxonomy":"category","embeddable":true,"href":"https:\/\/blogdoedvaldomagalhaes.com.br\/index.php\/wp-json\/wp\/v2\/categories?post=102649"},{"taxonomy":"post_tag","embeddable":true,"href":"https:\/\/blogdoedvaldomagalhaes.com.br\/index.php\/wp-json\/wp\/v2\/tags?post=102649"}],"curies":[{"name":"wp","href":"https:\/\/api.w.org\/{rel}","templated":true}]}}