{"id":102642,"date":"2023-11-07T21:07:50","date_gmt":"2023-11-08T00:07:50","guid":{"rendered":"https:\/\/blogdoedvaldomagalhaes.com.br\/?p=102642"},"modified":"2023-11-07T21:12:54","modified_gmt":"2023-11-08T00:12:54","slug":"prefeito-rodrigo-pinheiro-assina-contrato-com-a-empresa-do-brasil-de-comunicacao-ebc-para-lancamento-da-tv-municipal","status":"publish","type":"post","link":"https:\/\/blogdoedvaldomagalhaes.com.br\/index.php\/2023\/11\/07\/prefeito-rodrigo-pinheiro-assina-contrato-com-a-empresa-do-brasil-de-comunicacao-ebc-para-lancamento-da-tv-municipal\/","title":{"rendered":"Prefeito Rodrigo Pinheiro assina contrato com a Empresa do Brasil de Comunica\u00e7\u00e3o (EBC) para lan\u00e7amento da TV municipal"},"content":{"rendered":"<p>Em visita ao Distrito Federal, nesta ter\u00e7a-feira (7), o Prefeito Rodrigo Pinheiro esteve na sede da Empresa do Brasil de Comunica\u00e7\u00e3o para assinar um contrato de conv\u00eanio de 10 anos entre a EBC e a Prefeitura de Caruaru, por meio da Pref TV. Este marco representa o primeiro passo rumo \u00e0 oficializa\u00e7\u00e3o da TV da Prefeitura de Caruaru em um canal de TV aberta, projeto iniciado durante o S\u00e3o Jo\u00e3o de 2023.<\/p>\n<p>&#8220;Com o contrato assinado, agora avan\u00e7amos para as etapas finais com o Minist\u00e9rio das Comunica\u00e7\u00f5es. Sem d\u00favida, um momento hist\u00f3rico para Caruaru. Agora, teremos um canal oficial para mostrar para todo o pa\u00eds a grandiosidade de nossa cidade e os avan\u00e7os do nosso trabalho que contribuem cada vez mais para fazer de Caruaru uma metr\u00f3pole &#8220;, ressaltou o prefeito Rodrigo Pinheiro.<\/p>\n<p>A assinatura oficial do documento contou com a presen\u00e7a do Presidente Interino da EBC, Jean Lima; a Diretora de Jornalismo, Cidinha Matos; o Gerente Executivo da RNCP, Vancarlos Alves; e o Secret\u00e1rio de Comunica\u00e7\u00e3o de Caruaru, Thiago Azevedo.<\/p>\n<p>\u201c\u00c9 muito gratificante ver um projeto sair do papel, ainda mais quando ele \u00e9 em favor do povo da nossa querida cidade e da regi\u00e3o. \u00c9 atrav\u00e9s desse canal, que al\u00e9m de gerar emprego, vamos entregar \u00e0 sociedade mais transpar\u00eancia em tudo que acontece na gest\u00e3o dos \u00e2mbitos municipais, estaduais e federais\u201d, comemorou o secret\u00e1rio, Thiago Azevedo.<\/p>\n<p>A expectativa \u00e9 que a estreia ocorra nos primeiros meses  de 2024, levando o melhor de Caruaru e de Pernambuco a todo o Brasil e proporcionando servi\u00e7os essenciais \u00e0 popula\u00e7\u00e3o local, al\u00e9m de contribuir significativamente para a gera\u00e7\u00e3o de empregos.<\/p>\n<p>\u201cDedico esse momento especial, hist\u00f3rico e pioneiro, a todo o time da prefeitura, especialmente, aos que gerem junto conosco a comunica\u00e7\u00e3o. N\u00e3o mediremos esfor\u00e7os para que essa estreia aconte\u00e7a o quanto antes\u201d, finalizou o secret\u00e1rio, Thiago Azevedo.<\/p>\n<p>Cr\u00e9dito: Rafael Neddermeyer\/Ag\u00eancia Brasil<\/p>\n<p>Siga o Instagram do Blog para comentar @blogdoedvaldomagalhaes<br \/>\nSe inscreva no canal do Blog no You Tube<\/p>\n","protected":false},"excerpt":{"rendered":"<p>Em visita ao Distrito Federal, nesta ter\u00e7a-feira (7), o Prefeito Rodrigo Pinheiro esteve na sede da Empresa do Brasil de&hellip;<\/p>\n","protected":false},"author":1,"featured_media":102643,"comment_status":"closed","ping_status":"open","sticky":false,"template":"","format":"standard","meta":{"footnotes":""},"categories":[14120],"tags":[28803,2,28801,3406,20,29046],"class_list":["post-102642","post","type-post","status-publish","format-standard","has-post-thumbnail","hentry","category-noticias","tag-blog-com-mais-visualizacoes","tag-blog-do-edvaldo-magalhaes","tag-blog-mais-acessado","tag-caruaru","tag-politica","tag-prefeito-rodrigo-pinheiro-assina-contrato-com-a-empresa-do-brasil-de-comunicacao-ebc-para-lancamento-da-tv-municipal"],"_links":{"self":[{"href":"https:\/\/blogdoedvaldomagalhaes.com.br\/index.php\/wp-json\/wp\/v2\/posts\/102642","targetHints":{"allow":["GET"]}}],"collection":[{"href":"https:\/\/blogdoedvaldomagalhaes.com.br\/index.php\/wp-json\/wp\/v2\/posts"}],"about":[{"href":"https:\/\/blogdoedvaldomagalhaes.com.br\/index.php\/wp-json\/wp\/v2\/types\/post"}],"author":[{"embeddable":true,"href":"https:\/\/blogdoedvaldomagalhaes.com.br\/index.php\/wp-json\/wp\/v2\/users\/1"}],"replies":[{"embeddable":true,"href":"https:\/\/blogdoedvaldomagalhaes.com.br\/index.php\/wp-json\/wp\/v2\/comments?post=102642"}],"version-history":[{"count":2,"href":"https:\/\/blogdoedvaldomagalhaes.com.br\/index.php\/wp-json\/wp\/v2\/posts\/102642\/revisions"}],"predecessor-version":[{"id":102645,"href":"https:\/\/blogdoedvaldomagalhaes.com.br\/index.php\/wp-json\/wp\/v2\/posts\/102642\/revisions\/102645"}],"wp:featuredmedia":[{"embeddable":true,"href":"https:\/\/blogdoedvaldomagalhaes.com.br\/index.php\/wp-json\/wp\/v2\/media\/102643"}],"wp:attachment":[{"href":"https:\/\/blogdoedvaldomagalhaes.com.br\/index.php\/wp-json\/wp\/v2\/media?parent=102642"}],"wp:term":[{"taxonomy":"category","embeddable":true,"href":"https:\/\/blogdoedvaldomagalhaes.com.br\/index.php\/wp-json\/wp\/v2\/categories?post=102642"},{"taxonomy":"post_tag","embeddable":true,"href":"https:\/\/blogdoedvaldomagalhaes.com.br\/index.php\/wp-json\/wp\/v2\/tags?post=102642"}],"curies":[{"name":"wp","href":"https:\/\/api.w.org\/{rel}","templated":true}]}}