{"id":102639,"date":"2023-11-07T20:40:49","date_gmt":"2023-11-07T23:40:49","guid":{"rendered":"https:\/\/blogdoedvaldomagalhaes.com.br\/?p=102639"},"modified":"2023-11-07T20:40:50","modified_gmt":"2023-11-07T23:40:50","slug":"no-senado-governadora-raquel-lyra-defende-manutencao-de-incentivos-fiscais-ao-setor-automotivo-de-pernambuco","status":"publish","type":"post","link":"https:\/\/blogdoedvaldomagalhaes.com.br\/index.php\/2023\/11\/07\/no-senado-governadora-raquel-lyra-defende-manutencao-de-incentivos-fiscais-ao-setor-automotivo-de-pernambuco\/","title":{"rendered":"No Senado, governadora Raquel Lyra defende manuten\u00e7\u00e3o de incentivos fiscais ao setor automotivo de Pernambuco"},"content":{"rendered":"<p>Em Bras\u00edlia, a governadora Raquel Lyra acompanhou, nesta ter\u00e7a-feira (7), a sess\u00e3o da Comiss\u00e3o de Constitui\u00e7\u00e3o e Justi\u00e7a (CCJ) do Senado Federal que discutiu a Reforma Tribut\u00e1ria.<\/p>\n<p>&#8220;Defendemos a prorroga\u00e7\u00e3o dos incentivos fiscais para a ind\u00fastria automobil\u00edstica em Pernambuco porque isso garante a manuten\u00e7\u00e3o dos empregos e a melhoria do aporte de investimentos no Estado. Empresas como a Stellantis, em Goiana, mudaram a matriz econ\u00f4mica de Pernambuco, atraindo investimentos com alta tecnologia produzida aqui. Reconhecemos o esfor\u00e7o do governo federal e do Congresso Nacional em manter esse di\u00e1logo, sendo a Reforma Tribut\u00e1ria essencial para combater as desigualdades regionais&#8221;, destacou Raquel Lyra.<\/p>\n<p>Os senadores Fernando Dueire (MDB) e Humberto Costa (PT) se reuniram com a governadora no Congresso e acompanharam a chefe do Executivo durante a reuni\u00e3o da comiss\u00e3o. O ex-senador Fernando Bezerra Coelho tamb\u00e9m estava presente na sess\u00e3o.<\/p>\n<p>A altera\u00e7\u00e3o no texto da PEC 45\/2019, mantendo os benef\u00edcios para autom\u00f3veis com motor exclusivo a combust\u00e3o, bem como \u00e0s fabricantes de partes e pe\u00e7as, foi um pleito defendido pela governadora. A comiss\u00e3o segue a discuss\u00e3o e deve votar o tema ainda nesta ter\u00e7a-feira.<\/p>\n<p>*Casa Civil* &#8211; Logo no in\u00edcio da manh\u00e3, a gestora discutiu temas estrat\u00e9gicos para o Estado junto ao ministro da Casa Civil, Rui Costa.<br \/>\nFotos: Divulga\u00e7\u00e3o.<\/p>\n<p>Siga o Instagram do Blog para comentar @blogdoedvaldomagalhaes<br \/>\nSe inscreva no canal do Blog no You Tube<\/p>\n","protected":false},"excerpt":{"rendered":"<p>Em Bras\u00edlia, a governadora Raquel Lyra acompanhou, nesta ter\u00e7a-feira (7), a sess\u00e3o da Comiss\u00e3o de Constitui\u00e7\u00e3o e Justi\u00e7a (CCJ) do&hellip;<\/p>\n","protected":false},"author":1,"featured_media":102640,"comment_status":"closed","ping_status":"open","sticky":false,"template":"","format":"standard","meta":{"footnotes":""},"categories":[14122],"tags":[28803,2,28801,3406,29045,20],"class_list":["post-102639","post","type-post","status-publish","format-standard","has-post-thumbnail","hentry","category-politica","tag-blog-com-mais-visualizacoes","tag-blog-do-edvaldo-magalhaes","tag-blog-mais-acessado","tag-caruaru","tag-no-senado-governadora-raquel-lyra-defende-manutencao-de-incentivos-fiscais-ao-setor-automotivo-de-pernambuco","tag-politica"],"_links":{"self":[{"href":"https:\/\/blogdoedvaldomagalhaes.com.br\/index.php\/wp-json\/wp\/v2\/posts\/102639","targetHints":{"allow":["GET"]}}],"collection":[{"href":"https:\/\/blogdoedvaldomagalhaes.com.br\/index.php\/wp-json\/wp\/v2\/posts"}],"about":[{"href":"https:\/\/blogdoedvaldomagalhaes.com.br\/index.php\/wp-json\/wp\/v2\/types\/post"}],"author":[{"embeddable":true,"href":"https:\/\/blogdoedvaldomagalhaes.com.br\/index.php\/wp-json\/wp\/v2\/users\/1"}],"replies":[{"embeddable":true,"href":"https:\/\/blogdoedvaldomagalhaes.com.br\/index.php\/wp-json\/wp\/v2\/comments?post=102639"}],"version-history":[{"count":1,"href":"https:\/\/blogdoedvaldomagalhaes.com.br\/index.php\/wp-json\/wp\/v2\/posts\/102639\/revisions"}],"predecessor-version":[{"id":102641,"href":"https:\/\/blogdoedvaldomagalhaes.com.br\/index.php\/wp-json\/wp\/v2\/posts\/102639\/revisions\/102641"}],"wp:featuredmedia":[{"embeddable":true,"href":"https:\/\/blogdoedvaldomagalhaes.com.br\/index.php\/wp-json\/wp\/v2\/media\/102640"}],"wp:attachment":[{"href":"https:\/\/blogdoedvaldomagalhaes.com.br\/index.php\/wp-json\/wp\/v2\/media?parent=102639"}],"wp:term":[{"taxonomy":"category","embeddable":true,"href":"https:\/\/blogdoedvaldomagalhaes.com.br\/index.php\/wp-json\/wp\/v2\/categories?post=102639"},{"taxonomy":"post_tag","embeddable":true,"href":"https:\/\/blogdoedvaldomagalhaes.com.br\/index.php\/wp-json\/wp\/v2\/tags?post=102639"}],"curies":[{"name":"wp","href":"https:\/\/api.w.org\/{rel}","templated":true}]}}