{"id":102635,"date":"2023-11-07T18:06:56","date_gmt":"2023-11-07T21:06:56","guid":{"rendered":"https:\/\/blogdoedvaldomagalhaes.com.br\/?p=102635"},"modified":"2023-11-07T18:06:59","modified_gmt":"2023-11-07T21:06:59","slug":"anderson-correia-sugere-a-criacao-do-mes-da-consciencia-animal-em-caruaru","status":"publish","type":"post","link":"https:\/\/blogdoedvaldomagalhaes.com.br\/index.php\/2023\/11\/07\/anderson-correia-sugere-a-criacao-do-mes-da-consciencia-animal-em-caruaru\/","title":{"rendered":"Anderson Correia sugere a cria\u00e7\u00e3o do \u201cM\u00eas da Consci\u00eancia Animal\u201d em Caruaru"},"content":{"rendered":"<p>Sempre antenado para trazer evolu\u00e7\u00f5es no \u00e2mbito da pauta animalista no Munic\u00edpio, o vereador Anderson Correia (PP), protocolou o Projeto de Lei n\u00ba 9729 de 2023, que disp\u00f5e sobre a inclus\u00e3o no calend\u00e1rio de eventos do munic\u00edpio de Caruaru, o \u201cM\u00eas da Consci\u00eancia Animal\u201d, a ser comemorado anualmente no m\u00eas de julho.<\/p>\n<p>A iniciativa tem por objetivo a conscientiza\u00e7\u00e3o e reflex\u00e3o da sociedade, atrav\u00e9s de procedimentos informativos e educativos a respeito da posse respons\u00e1vel, cuidados e manuten\u00e7\u00e3o dos animais de estima\u00e7\u00e3o, para que crian\u00e7as e adultos possam ter o melhor conhecimento sobre o assunto, visando diminuir o descaso, o abandono e os maus-tratos ocorridos em nossa cidade. A ideia \u00e9 que sejam promovidas, pelo Poder Executivo, atrav\u00e9s de algumas secretarias e demais \u00f3rg\u00e3os competentes, semin\u00e1rios, palestras, f\u00f3runs, campanhas, entre outras iniciativas no \u00e2mbito escolar e demais entidades do munic\u00edpio<\/p>\n<p>\u201cPrecisamos estar sempre nos atualizando sobre esta pauta t\u00e3o nobre que \u00e9 a animalista, criando pol\u00edticas p\u00fablicas que desenvolvam a conscientiza\u00e7\u00e3o de toda sociedade acerca dos direitos e cuidados com os nossos amigos n\u00e3o-humanos. N\u00e3o \u00e0 toa, escolhemos o m\u00eas de julho para a comemora\u00e7\u00e3o do \u201cM\u00eas da Consci\u00eancia Animal\u201d remetendo \u00e0 Declara\u00e7\u00e3o de Cambridge, documento que reconhece os animais n\u00e3o-humanos como seres sencientes, que t\u00eam capacidade de sentir, que foi consolidado em 7 de julho de 2012. Vamos em frente, sempre buscando o melhor para os nossos animais\u201d, destacou Anderson.<\/p>\n<p>Siga o Instagram do Blog para comentar @blogdoedvaldomagalhaes<br \/>\nSe inscreva no canal do Blog no You Tube<\/p>\n","protected":false},"excerpt":{"rendered":"<p>Sempre antenado para trazer evolu\u00e7\u00f5es no \u00e2mbito da pauta animalista no Munic\u00edpio, o vereador Anderson Correia (PP), protocolou o Projeto&hellip;<\/p>\n","protected":false},"author":1,"featured_media":102636,"comment_status":"closed","ping_status":"open","sticky":false,"template":"","format":"standard","meta":{"footnotes":""},"categories":[14122],"tags":[29044,2,28801,3406,20],"class_list":["post-102635","post","type-post","status-publish","format-standard","has-post-thumbnail","hentry","category-politica","tag-anderson-correia-sugere-a-criacao-do-mes-da-consciencia-animal-em-caruaru","tag-blog-do-edvaldo-magalhaes","tag-blog-mais-acessado","tag-caruaru","tag-politica"],"_links":{"self":[{"href":"https:\/\/blogdoedvaldomagalhaes.com.br\/index.php\/wp-json\/wp\/v2\/posts\/102635","targetHints":{"allow":["GET"]}}],"collection":[{"href":"https:\/\/blogdoedvaldomagalhaes.com.br\/index.php\/wp-json\/wp\/v2\/posts"}],"about":[{"href":"https:\/\/blogdoedvaldomagalhaes.com.br\/index.php\/wp-json\/wp\/v2\/types\/post"}],"author":[{"embeddable":true,"href":"https:\/\/blogdoedvaldomagalhaes.com.br\/index.php\/wp-json\/wp\/v2\/users\/1"}],"replies":[{"embeddable":true,"href":"https:\/\/blogdoedvaldomagalhaes.com.br\/index.php\/wp-json\/wp\/v2\/comments?post=102635"}],"version-history":[{"count":1,"href":"https:\/\/blogdoedvaldomagalhaes.com.br\/index.php\/wp-json\/wp\/v2\/posts\/102635\/revisions"}],"predecessor-version":[{"id":102637,"href":"https:\/\/blogdoedvaldomagalhaes.com.br\/index.php\/wp-json\/wp\/v2\/posts\/102635\/revisions\/102637"}],"wp:featuredmedia":[{"embeddable":true,"href":"https:\/\/blogdoedvaldomagalhaes.com.br\/index.php\/wp-json\/wp\/v2\/media\/102636"}],"wp:attachment":[{"href":"https:\/\/blogdoedvaldomagalhaes.com.br\/index.php\/wp-json\/wp\/v2\/media?parent=102635"}],"wp:term":[{"taxonomy":"category","embeddable":true,"href":"https:\/\/blogdoedvaldomagalhaes.com.br\/index.php\/wp-json\/wp\/v2\/categories?post=102635"},{"taxonomy":"post_tag","embeddable":true,"href":"https:\/\/blogdoedvaldomagalhaes.com.br\/index.php\/wp-json\/wp\/v2\/tags?post=102635"}],"curies":[{"name":"wp","href":"https:\/\/api.w.org\/{rel}","templated":true}]}}