{"id":102632,"date":"2023-11-07T17:49:09","date_gmt":"2023-11-07T20:49:09","guid":{"rendered":"https:\/\/blogdoedvaldomagalhaes.com.br\/?p=102632"},"modified":"2023-11-07T17:49:12","modified_gmt":"2023-11-07T20:49:12","slug":"apos-tjpe-anular-lei-municipal-de-gratuidade-aos-idosos-60-a-64-anos-vereador-jorge-quintino-propoe-reducao-das-passagens","status":"publish","type":"post","link":"https:\/\/blogdoedvaldomagalhaes.com.br\/index.php\/2023\/11\/07\/apos-tjpe-anular-lei-municipal-de-gratuidade-aos-idosos-60-a-64-anos-vereador-jorge-quintino-propoe-reducao-das-passagens\/","title":{"rendered":"Ap\u00f3s TJPE anular Lei Municipal de gratuidade aos idosos (60 \u00e0 64 anos), vereador Jorge Quintino prop\u00f5e redu\u00e7\u00e3o das passagens"},"content":{"rendered":"<p>O Vereador Jorge Quintino, conhecido por sua dedica\u00e7\u00e3o \u00e0 justi\u00e7a e ao bem-estar da comunidade, levantou sua voz em um apelo urgente ao Exmo. Senhor Rodrigo Pinheiro, Prefeito do Munic\u00edpio. A a\u00e7\u00e3o ocorre ap\u00f3s a recente e pol\u00eamica decis\u00e3o do Tribunal de Justi\u00e7a de Pernambuco (TJ-PE) que anula a gratuidade das passagens de transporte p\u00fablico para cidad\u00e3os entre 60 e 64 anos.<\/p>\n<p>A decis\u00e3o do TJ-PE gerou indigna\u00e7\u00e3o e perplexidade na comunidade, revelando o descaso com uma faixa et\u00e1ria que tanto contribuiu para o desenvolvimento do munic\u00edpio. Em resposta a essa situa\u00e7\u00e3o, o Vereador Jorge Quintino solicitou ao Prefeito Rodrigo Pinheiro que considere a redu\u00e7\u00e3o da al\u00edquota das passagens de transporte p\u00fablico como um ato de justi\u00e7a e empatia. Jorge Quintino enfatiza que o transporte p\u00fablico \u00e9 uma necessidade vital para muitos moradores do munic\u00edpio, especialmente para aqueles que se encontram na faixa et\u00e1ria de 60 a 64 anos. A gratuidade das passagens era uma medida que oferecia dignidade e al\u00edvio financeiro a essa parcela da popula\u00e7\u00e3o, e a recente decis\u00e3o do tribunal deixou esses cidad\u00e3os em uma situa\u00e7\u00e3o dif\u00edcil.<\/p>\n<p>O Vereador n\u00e3o apenas ressalta o descaso representado por essa decis\u00e3o, mas tamb\u00e9m expressa seu firme compromisso em defesa dos direitos dos cidad\u00e3os. Ele insta o Prefeito a agir com celeridade para garantir que o transporte p\u00fablico permane\u00e7a acess\u00edvel e justo para todos.<\/p>\n<p>Jorge Quintino est\u00e1 pronto para trabalhar em colabora\u00e7\u00e3o com o Prefeito e outras partes interessadas a fim de encontrar uma solu\u00e7\u00e3o que restaure a equidade e a dignidade para os cidad\u00e3os afetados.<br \/>\nFoto: Vladimir Barreto.<\/p>\n<p>Siga o Instagram do Blog para comentar @blogdoedvaldomagalhaes<br \/>\nSe inscreva no canal do Blog no You Tube<\/p>\n","protected":false},"excerpt":{"rendered":"<p>O Vereador Jorge Quintino, conhecido por sua dedica\u00e7\u00e3o \u00e0 justi\u00e7a e ao bem-estar da comunidade, levantou sua voz em um&hellip;<\/p>\n","protected":false},"author":1,"featured_media":102633,"comment_status":"closed","ping_status":"open","sticky":false,"template":"","format":"standard","meta":{"footnotes":""},"categories":[14122],"tags":[29043,28803,2,28801,3406,20],"class_list":["post-102632","post","type-post","status-publish","format-standard","has-post-thumbnail","hentry","category-politica","tag-apos-tjpe-anular-lei-municipal-de-gratuidade-aos-idosos-60-a-64-anos-vereador-jorge-quintino-propoe-reducao-das-passagens","tag-blog-com-mais-visualizacoes","tag-blog-do-edvaldo-magalhaes","tag-blog-mais-acessado","tag-caruaru","tag-politica"],"_links":{"self":[{"href":"https:\/\/blogdoedvaldomagalhaes.com.br\/index.php\/wp-json\/wp\/v2\/posts\/102632","targetHints":{"allow":["GET"]}}],"collection":[{"href":"https:\/\/blogdoedvaldomagalhaes.com.br\/index.php\/wp-json\/wp\/v2\/posts"}],"about":[{"href":"https:\/\/blogdoedvaldomagalhaes.com.br\/index.php\/wp-json\/wp\/v2\/types\/post"}],"author":[{"embeddable":true,"href":"https:\/\/blogdoedvaldomagalhaes.com.br\/index.php\/wp-json\/wp\/v2\/users\/1"}],"replies":[{"embeddable":true,"href":"https:\/\/blogdoedvaldomagalhaes.com.br\/index.php\/wp-json\/wp\/v2\/comments?post=102632"}],"version-history":[{"count":1,"href":"https:\/\/blogdoedvaldomagalhaes.com.br\/index.php\/wp-json\/wp\/v2\/posts\/102632\/revisions"}],"predecessor-version":[{"id":102634,"href":"https:\/\/blogdoedvaldomagalhaes.com.br\/index.php\/wp-json\/wp\/v2\/posts\/102632\/revisions\/102634"}],"wp:featuredmedia":[{"embeddable":true,"href":"https:\/\/blogdoedvaldomagalhaes.com.br\/index.php\/wp-json\/wp\/v2\/media\/102633"}],"wp:attachment":[{"href":"https:\/\/blogdoedvaldomagalhaes.com.br\/index.php\/wp-json\/wp\/v2\/media?parent=102632"}],"wp:term":[{"taxonomy":"category","embeddable":true,"href":"https:\/\/blogdoedvaldomagalhaes.com.br\/index.php\/wp-json\/wp\/v2\/categories?post=102632"},{"taxonomy":"post_tag","embeddable":true,"href":"https:\/\/blogdoedvaldomagalhaes.com.br\/index.php\/wp-json\/wp\/v2\/tags?post=102632"}],"curies":[{"name":"wp","href":"https:\/\/api.w.org\/{rel}","templated":true}]}}