{"id":102627,"date":"2023-11-07T13:52:35","date_gmt":"2023-11-07T16:52:35","guid":{"rendered":"https:\/\/blogdoedvaldomagalhaes.com.br\/?p=102627"},"modified":"2023-11-07T13:52:36","modified_gmt":"2023-11-07T16:52:36","slug":"secretaria-de-educacao-pe-abre-mais-de-9-mil-vagas-em-cursos-tecnicos-gratuitos","status":"publish","type":"post","link":"https:\/\/blogdoedvaldomagalhaes.com.br\/index.php\/2023\/11\/07\/secretaria-de-educacao-pe-abre-mais-de-9-mil-vagas-em-cursos-tecnicos-gratuitos\/","title":{"rendered":"Secretaria de Educa\u00e7\u00e3o-PE abre mais de 9 mil vagas em cursos t\u00e9cnicos gratuitos"},"content":{"rendered":"<p><span style=\"font-size: revert;\" data-originalfontsize=\"12pt\" data-originalcomputedfontsize=\"16\">A Secretaria de Educa\u00e7\u00e3o e Esportes do Estado (SEE), atrav\u00e9s da Secretaria Executiva de Ensino M\u00e9dio e Profissional (SEMP), abre, nesta ter\u00e7a-feira (07), as inscri\u00e7\u00f5es para cursos t\u00e9cnicos integrados ao ensino m\u00e9dio em todo o Estado. As inscri\u00e7\u00f5es seguem at\u00e9 o dia 13 de novembro e devem ser realizadas pelo site da Secretaria (<a href=\"http:\/\/www.educacao.pe.gov.br\/\" target=\"_blank\" rel=\"noopener\" data-saferedirecturl=\"https:\/\/www.google.com\/url?q=http:\/\/www.educacao.pe.gov.br&amp;source=gmail&amp;ust=1699447952488000&amp;usg=AOvVaw1lP7Zp4hnSZmpXVl8tJroj\" data-removefontsize=\"true\" data-originalcomputedfontsize=\"16\">www.educacao.pe.gov.br<\/a>). Ao todo, est\u00e3o sendo ofertadas 9.975 vagas em <\/span><span style=\"font-size: revert;\" data-originalfontsize=\"12pt\" data-originalcomputedfontsize=\"16\">32<\/span><span style=\"font-size: revert;\" data-originalfontsize=\"12pt\" data-originalcomputedfontsize=\"16\"> cursos de 56 Escolas T\u00e9cnicas Estaduais (ETEs) da Regi\u00e3o Metropolitana, Zona da Mata, Agreste e Sert\u00e3o. Confira <\/span><a style=\"font-size: revert;\" href=\"https:\/\/drive.google.com\/file\/d\/1d3iHkqyCbU23_63ExUDIGwf2qfWxkXHs\/view?usp=sharing\" target=\"_blank\" rel=\"noopener\" data-saferedirecturl=\"https:\/\/www.google.com\/url?q=https:\/\/drive.google.com\/file\/d\/1d3iHkqyCbU23_63ExUDIGwf2qfWxkXHs\/view?usp%3Dsharing&amp;source=gmail&amp;ust=1699447952488000&amp;usg=AOvVaw10K200J-3kJPnmeqT5hLoK\"><span data-originalfontsize=\"12pt\" data-originalcomputedfontsize=\"16\">aqui<\/span><\/a><span style=\"font-size: revert;\" data-originalfontsize=\"12pt\" data-originalcomputedfontsize=\"16\"> o edital.<\/span><\/p>\n<h5 dir=\"ltr\"><span data-originalfontsize=\"12pt\" data-originalcomputedfontsize=\"16\">Podem se inscrever estudantes que ir\u00e3o cursar o 1\u00ba ano do ensino m\u00e9dio em 2024. Do total de vagas dispon\u00edveis, 80% dever\u00e3o ser ocupadas, prioritariamente, por alunos que cursaram o ensino fundamental &#8211; anos finais (6\u00ba ao 9\u00ba ano) em escolas p\u00fablicas. As provas ser\u00e3o compostas por 20 quest\u00f5es, sendo 10 de l\u00edngua portuguesa e 10 de matem\u00e1tica.\u00a0<\/span><\/h5>\n<p dir=\"ltr\"><span data-originalfontsize=\"12pt\" data-originalcomputedfontsize=\"16\">Os cursos dispon\u00edveis s\u00e3o: Administra\u00e7\u00e3o, Redes de Computadores, Sistemas de Energia Renov\u00e1vel, Log\u00edstica, Guia de Turismo, Edifica\u00e7\u00f5es, Nutri\u00e7\u00e3o e Diet\u00e9tica, Desenvolvimento de Sistemas, Eletrot\u00e9cnica, Agroneg\u00f3cio, Eventos, Produ\u00e7\u00e3o de \u00c1udio e V\u00eddeo, RTI (R\u00e1dio, TV e Internet), Marketing, Seguran\u00e7a do Trabalho, Design Gr\u00e1fico, Farmacia, Fruticultura, Com\u00e9rcio Exterior, Teatro, Artes Visuais, Programa\u00e7\u00e3o de Jogos Digitais, Multim\u00eddia, Alimentos, Gastronomia, Publicidade, Mecatr\u00f4nica, Mec\u00e2nica, Design de Interiores, Zootecnia, Meio Ambiente e Agropecu\u00e1ria.<\/span><\/p>\n<p dir=\"ltr\"><span data-originalfontsize=\"12pt\" data-originalcomputedfontsize=\"16\">No ato da inscri\u00e7\u00e3o, os candidatos ter\u00e3o acesso aos locais e hor\u00e1rios das provas, que acontecem entre os dias 17 de novembro e 1\u00ba de dezembro. O resultado geral est\u00e1 previsto para ser divulgado no dia 12 de dezembro e as aulas ter\u00e3o in\u00edcio em fevereiro.\u00a0\u00a0<\/span><\/p>\n<p dir=\"ltr\"><span data-originalfontsize=\"12pt\" data-originalcomputedfontsize=\"16\">Inscreva-se <\/span><a href=\"https:\/\/sisacad.educacao.pe.gov.br\/sissel\/\" target=\"_blank\" rel=\"noopener\" data-saferedirecturl=\"https:\/\/www.google.com\/url?q=https:\/\/sisacad.educacao.pe.gov.br\/sissel\/&amp;source=gmail&amp;ust=1699447952488000&amp;usg=AOvVaw317GAP7xaIhPkeMWqd6PkL\"><span data-originalfontsize=\"12pt\" data-originalcomputedfontsize=\"16\">AQUI<\/span><\/a><span data-originalfontsize=\"12pt\" data-originalcomputedfontsize=\"16\">!\u00a0<\/span><\/p>\n<p dir=\"ltr\"><span data-originalfontsize=\"12pt\" data-originalcomputedfontsize=\"16\">Cronograma<\/span><\/p>\n<p dir=\"ltr\"><span data-originalfontsize=\"12pt\" data-originalcomputedfontsize=\"16\">Per\u00edodo de inscri\u00e7\u00e3o dos candidatos:<\/span><span data-originalfontsize=\"12pt\" data-originalcomputedfontsize=\"16\"> 07\/11 a 13\/11\/2023<\/span><\/p>\n<p dir=\"ltr\"><span data-originalfontsize=\"12pt\" data-originalcomputedfontsize=\"16\">Realiza\u00e7\u00e3o das provas objetivas:<\/span><span data-originalfontsize=\"12pt\" data-originalcomputedfontsize=\"16\"> 17\/11 a 01\/12\/2023<\/span><\/p>\n<p dir=\"ltr\"><span data-originalfontsize=\"12pt\" data-originalcomputedfontsize=\"16\">Per\u00edodo de revis\u00e3o e recurso das provas: <\/span><span data-originalfontsize=\"12pt\" data-originalcomputedfontsize=\"16\">05\/12 a 07\/12\/2023<\/span><\/p>\n<p dir=\"ltr\"><span data-originalfontsize=\"12pt\" data-originalcomputedfontsize=\"16\">Resultado geral &#8211; primeira classifica\u00e7\u00e3o<\/span><span data-originalfontsize=\"12pt\" data-originalcomputedfontsize=\"16\">: 12\/12\/2023<\/span><\/p>\n<p dir=\"ltr\"><span data-originalfontsize=\"12pt\" data-originalcomputedfontsize=\"16\">Per\u00edodo de matr\u00edcula &#8211; primeira classifica\u00e7\u00e3o:<\/span><span data-originalfontsize=\"12pt\" data-originalcomputedfontsize=\"16\"> 13\/12 a 18\/12\/2023<\/span><\/p>\n<p dir=\"ltr\"><span data-originalfontsize=\"12pt\" data-originalcomputedfontsize=\"16\">Segunda classifica\u00e7\u00e3o (1\u00ba remanejamento): <\/span><span data-originalfontsize=\"12pt\" data-originalcomputedfontsize=\"16\">20\/12\/2023<\/span><\/p>\n<p dir=\"ltr\"><span data-originalfontsize=\"12pt\" data-originalcomputedfontsize=\"16\">Per\u00edodo de matr\u00edcula &#8211; segunda classifica\u00e7\u00e3o:<\/span><span data-originalfontsize=\"12pt\" data-originalcomputedfontsize=\"16\">21\/12 e 22\/12\/2023<\/span><\/p>\n<p dir=\"ltr\"><span data-originalfontsize=\"12pt\" data-originalcomputedfontsize=\"16\">Terceira classifica\u00e7\u00e3o (2\u00ba remanejamento):<\/span><span data-originalfontsize=\"12pt\" data-originalcomputedfontsize=\"16\">27\/12\/2023<\/span><\/p>\n<p dir=\"ltr\"><span data-originalfontsize=\"12pt\" data-originalcomputedfontsize=\"16\">Per\u00edodo de matr\u00edcula \u2013 terceira classifica\u00e7\u00e3o:<\/span><span data-originalfontsize=\"12pt\" data-originalcomputedfontsize=\"16\"> 28\/12 e 29\/12\/2023<\/span><\/p>\n<p dir=\"ltr\"><span data-originalfontsize=\"12pt\" data-originalcomputedfontsize=\"16\">In\u00edcio das Aulas:<\/span><span data-originalfontsize=\"12pt\" data-originalcomputedfontsize=\"16\"> 05\/02\/2024<\/span><\/p>\n<p dir=\"ltr\"><span data-originalfontsize=\"12pt\" data-originalcomputedfontsize=\"16\">Quarta classifica\u00e7\u00e3o (3\u00ba remanejamento):<\/span><span data-originalfontsize=\"12pt\" data-originalcomputedfontsize=\"16\">06\/02\/2024<\/span><\/p>\n<p dir=\"ltr\"><span data-originalfontsize=\"12pt\" data-originalcomputedfontsize=\"16\">Per\u00edodo de matr\u00edcula \u2013 quarta classifica\u00e7\u00e3o:<\/span><span data-originalfontsize=\"12pt\" data-originalcomputedfontsize=\"16\"> 07\/02 e 08\/02\/2024<\/span><\/p>\n<p dir=\"ltr\"><span data-originalfontsize=\"12pt\" data-originalcomputedfontsize=\"16\">Quinta classifica\u00e7\u00e3o (4\u00ba remanejamento):<\/span><span data-originalfontsize=\"12pt\" data-originalcomputedfontsize=\"16\">19\/02\/2024<\/span><\/p>\n<p dir=\"ltr\"><span data-originalfontsize=\"12pt\" data-originalcomputedfontsize=\"16\">Per\u00edodo de matr\u00edcula \u2013 quinta classifica\u00e7\u00e3o: <\/span><span data-originalfontsize=\"12pt\" data-originalcomputedfontsize=\"16\">20\/02 e 21\/02\/2024.<\/span><\/p>\n<p dir=\"ltr\">\n<p dir=\"ltr\">Siga o Instagram do Blog \u00a0para comentar @blogdoedvaldomagalhaes<\/p>\n<p dir=\"ltr\">Se inscreva no canal do Blog no YouTube<\/p>\n","protected":false},"excerpt":{"rendered":"<p>A Secretaria de Educa\u00e7\u00e3o e Esportes do Estado (SEE), atrav\u00e9s da Secretaria Executiva de Ensino M\u00e9dio e Profissional (SEMP), abre,&hellip;<\/p>\n","protected":false},"author":1,"featured_media":102628,"comment_status":"closed","ping_status":"open","sticky":false,"template":"","format":"standard","meta":{"footnotes":""},"categories":[14120],"tags":[28803,2,28801,3406,29042],"class_list":["post-102627","post","type-post","status-publish","format-standard","has-post-thumbnail","hentry","category-noticias","tag-blog-com-mais-visualizacoes","tag-blog-do-edvaldo-magalhaes","tag-blog-mais-acessado","tag-caruaru","tag-secretaria-de-educacao-pe-abre-mais-de-9-mil-vagas-em-cursos-tecnicos-gratuitos"],"_links":{"self":[{"href":"https:\/\/blogdoedvaldomagalhaes.com.br\/index.php\/wp-json\/wp\/v2\/posts\/102627","targetHints":{"allow":["GET"]}}],"collection":[{"href":"https:\/\/blogdoedvaldomagalhaes.com.br\/index.php\/wp-json\/wp\/v2\/posts"}],"about":[{"href":"https:\/\/blogdoedvaldomagalhaes.com.br\/index.php\/wp-json\/wp\/v2\/types\/post"}],"author":[{"embeddable":true,"href":"https:\/\/blogdoedvaldomagalhaes.com.br\/index.php\/wp-json\/wp\/v2\/users\/1"}],"replies":[{"embeddable":true,"href":"https:\/\/blogdoedvaldomagalhaes.com.br\/index.php\/wp-json\/wp\/v2\/comments?post=102627"}],"version-history":[{"count":1,"href":"https:\/\/blogdoedvaldomagalhaes.com.br\/index.php\/wp-json\/wp\/v2\/posts\/102627\/revisions"}],"predecessor-version":[{"id":102629,"href":"https:\/\/blogdoedvaldomagalhaes.com.br\/index.php\/wp-json\/wp\/v2\/posts\/102627\/revisions\/102629"}],"wp:featuredmedia":[{"embeddable":true,"href":"https:\/\/blogdoedvaldomagalhaes.com.br\/index.php\/wp-json\/wp\/v2\/media\/102628"}],"wp:attachment":[{"href":"https:\/\/blogdoedvaldomagalhaes.com.br\/index.php\/wp-json\/wp\/v2\/media?parent=102627"}],"wp:term":[{"taxonomy":"category","embeddable":true,"href":"https:\/\/blogdoedvaldomagalhaes.com.br\/index.php\/wp-json\/wp\/v2\/categories?post=102627"},{"taxonomy":"post_tag","embeddable":true,"href":"https:\/\/blogdoedvaldomagalhaes.com.br\/index.php\/wp-json\/wp\/v2\/tags?post=102627"}],"curies":[{"name":"wp","href":"https:\/\/api.w.org\/{rel}","templated":true}]}}