{"id":102620,"date":"2023-11-07T11:34:17","date_gmt":"2023-11-07T14:34:17","guid":{"rendered":"https:\/\/blogdoedvaldomagalhaes.com.br\/?p=102620"},"modified":"2023-11-07T12:32:08","modified_gmt":"2023-11-07T15:32:08","slug":"campanha-de-vacinacao-antirrabica-para-mais-de-40-mil-caes-e-gatos-em-caruaru","status":"publish","type":"post","link":"https:\/\/blogdoedvaldomagalhaes.com.br\/index.php\/2023\/11\/07\/campanha-de-vacinacao-antirrabica-para-mais-de-40-mil-caes-e-gatos-em-caruaru\/","title":{"rendered":"Campanha de Vacina\u00e7\u00e3o Antirr\u00e1bica para mais de 40 mil c\u00e3es e gatos em Caruaru"},"content":{"rendered":"<p>A Vigil\u00e2ncia em Sa\u00fade de Caruaru, da Secretaria Municipal de Sa\u00fade (SMS), realiza a Campanha de Vacina\u00e7\u00e3o Antirr\u00e1bica para c\u00e3es e gatos nos pr\u00f3ximos dois s\u00e1bados, dias 11 e 18 de novembro. A a\u00e7\u00e3o ser\u00e1 realizada em 37 bairros, com 50 pontos de vacina\u00e7\u00e3o que funcionar\u00e3o das 8h \u00e0s 17h. A expectativa \u00e9 que mais de 40 mil c\u00e3es e gatos sejam imunizados nos dois dias da campanha.<\/p>\n<p>De acordo com a gerente geral da Vigil\u00e2ncia em Sa\u00fade de Caruaru, Let\u00edcia Galv\u00e3o, a campanha tem o objetivo de controlar a circula\u00e7\u00e3o do v\u00edrus da raiva canina e felina, prevenindo tamb\u00e9m a raiva humana. \u201cA doen\u00e7a apresenta dois principais ciclos de transmiss\u00e3o: urbano e silvestre, sendo o urbano pass\u00edvel de elimina\u00e7\u00e3o, por se dispor de vacina\u00e7\u00e3o, medida eficiente de preven\u00e7\u00e3o, tanto em rela\u00e7\u00e3o ao ser humano quanto a fonte de infec\u00e7\u00e3o. \u00c9 importante os tutores levarem seus c\u00e3es e gatos para vacinar e evitar o risco de infec\u00e7\u00e3o\u201d, enfatizou a gerente.<\/p>\n<p>A raiva \u00e9 uma doen\u00e7a viral e infecciosa, transmiss\u00edvel de animal para animal e de animal para o homem, que se caracteriza como uma encefalite progressiva aguda e letal.<\/p>\n<p>Pontos de vacina\u00e7\u00e3o da campanha:<\/p>\n<p>Dia 11 de novembro<\/p>\n<p>No dia 11 de novembro a vacina\u00e7\u00e3o acontece nos seguintes locais: UBS do Xique-Xique, UBS Jos\u00e9 Carlos de Oliveira II e III, UBS Dem\u00f3stenes Veras, Escola Tereza Neuma, Centro de Sa\u00fade Boa Vista, UBS Jo\u00e3o Mota, Escola Deputada Cristina Tavares, UBS Vila Kennedy I, Escola Santo Amaro, UBS Caiuc\u00e1 II, T\u00e9rreo da Prefeitura de Caruaru, Pra\u00e7a da Crian\u00e7a, Escola Dom Vital, UBS Centen\u00e1rio, EAP S\u00e3o Francisco, Escola Antonia Cavalcanti, Pra\u00e7a Nina Liberato, Associa\u00e7\u00e3o de Moradores do Alto do Moura, UBS Alto do Moura, UBS Caj\u00e1, UBS Luiz Bezerra Torres, UBS Residencial Alto do Moura, Parque Ambiental Bara\u00fanas, UBS Nova Caruaru, UBS Severino Afonso, CMEI Professora Lindomar Pinheiro, UBS Panorama e CMEI Tia Clarice.<\/p>\n<p>Dia 18 de novembro<\/p>\n<p>J\u00e1 no dia 18 de novembro ser\u00e1 a vez dos locais: UBS S\u00e3o Jo\u00e3o da Esc\u00f3cia I, III, IV, Escola Jesu\u00edna P. Rego, IV Geres, CMEI Ivanise Flora Ara\u00fajo, Escola Municipal Professora Sinhazinha, Escola Professor Jos\u00e9 Bione, Centro de Sa\u00fade do Cedro, Final da Av. Major Jo\u00e3o Coelho, CMEI Jos\u00e9 Pinheiro Filho, Associa\u00e7\u00e3o de Moradores das Rendeiras, Escola Pedro de Souza, Col\u00e9gio Professor Kerm\u00f3genes, Escola Felisberto de Carvalho, Escola Professor Luiz Pessoa, Escola Professora Rosilda Maciel, Escola Gianete Silva, Igreja Cat\u00f3lica do Inocoop, UBS Ant\u00f4nio Liberato I, GRE &#8211; Ger\u00eancia Regional de Educa\u00e7\u00e3o, AME Indian\u00f3polis, UBS Santa Rosa II,III e IV e Escola Joel Pontes.<\/p>\n<p>Siga o Instagram do Blog para comentar @blogdoedvaldomagalhaes<br \/>\nSe inscreva no canal do Blog no You Tube<\/p>\n<p><img loading=\"lazy\" decoding=\"async\" src=\"https:\/\/blogdoedvaldomagalhaes.com.br\/wp-content\/uploads\/2023\/11\/img-20231107-wa00446676715698894504532.jpg\" class=\"wp-image-102623 alignnone size-full\" width=\"1600\" height=\"1600\" srcset=\"https:\/\/blogdoedvaldomagalhaes.com.br\/wp-content\/uploads\/2023\/11\/img-20231107-wa00446676715698894504532.jpg 1600w, https:\/\/blogdoedvaldomagalhaes.com.br\/wp-content\/uploads\/2023\/11\/img-20231107-wa00446676715698894504532-300x300.jpg 300w, https:\/\/blogdoedvaldomagalhaes.com.br\/wp-content\/uploads\/2023\/11\/img-20231107-wa00446676715698894504532-1024x1024.jpg 1024w, https:\/\/blogdoedvaldomagalhaes.com.br\/wp-content\/uploads\/2023\/11\/img-20231107-wa00446676715698894504532-150x150.jpg 150w, https:\/\/blogdoedvaldomagalhaes.com.br\/wp-content\/uploads\/2023\/11\/img-20231107-wa00446676715698894504532-768x768.jpg 768w, https:\/\/blogdoedvaldomagalhaes.com.br\/wp-content\/uploads\/2023\/11\/img-20231107-wa00446676715698894504532-1536x1536.jpg 1536w\" sizes=\"auto, (max-width: 1600px) 100vw, 1600px\" \/><\/p>\n<p><img loading=\"lazy\" decoding=\"async\" src=\"https:\/\/blogdoedvaldomagalhaes.com.br\/wp-content\/uploads\/2023\/11\/img-20231107-wa00452024336522837769136.jpg\" class=\"wp-image-102625 alignnone size-full\" width=\"1600\" height=\"1600\" srcset=\"https:\/\/blogdoedvaldomagalhaes.com.br\/wp-content\/uploads\/2023\/11\/img-20231107-wa00452024336522837769136.jpg 1600w, https:\/\/blogdoedvaldomagalhaes.com.br\/wp-content\/uploads\/2023\/11\/img-20231107-wa00452024336522837769136-300x300.jpg 300w, https:\/\/blogdoedvaldomagalhaes.com.br\/wp-content\/uploads\/2023\/11\/img-20231107-wa00452024336522837769136-1024x1024.jpg 1024w, https:\/\/blogdoedvaldomagalhaes.com.br\/wp-content\/uploads\/2023\/11\/img-20231107-wa00452024336522837769136-150x150.jpg 150w, https:\/\/blogdoedvaldomagalhaes.com.br\/wp-content\/uploads\/2023\/11\/img-20231107-wa00452024336522837769136-768x768.jpg 768w, https:\/\/blogdoedvaldomagalhaes.com.br\/wp-content\/uploads\/2023\/11\/img-20231107-wa00452024336522837769136-1536x1536.jpg 1536w\" sizes=\"auto, (max-width: 1600px) 100vw, 1600px\" \/><\/p>\n","protected":false},"excerpt":{"rendered":"<p>A Vigil\u00e2ncia em Sa\u00fade de Caruaru, da Secretaria Municipal de Sa\u00fade (SMS), realiza a Campanha de Vacina\u00e7\u00e3o Antirr\u00e1bica para c\u00e3es&hellip;<\/p>\n","protected":false},"author":1,"featured_media":102621,"comment_status":"closed","ping_status":"open","sticky":false,"template":"","format":"standard","meta":{"footnotes":""},"categories":[14120],"tags":[28803,2,28801,29041,3406],"class_list":["post-102620","post","type-post","status-publish","format-standard","has-post-thumbnail","hentry","category-noticias","tag-blog-com-mais-visualizacoes","tag-blog-do-edvaldo-magalhaes","tag-blog-mais-acessado","tag-campanha-de-vacinacao-antirrabica-para-mais-de-40-mil-caes-e-gatos-em-caruaru","tag-caruaru"],"_links":{"self":[{"href":"https:\/\/blogdoedvaldomagalhaes.com.br\/index.php\/wp-json\/wp\/v2\/posts\/102620","targetHints":{"allow":["GET"]}}],"collection":[{"href":"https:\/\/blogdoedvaldomagalhaes.com.br\/index.php\/wp-json\/wp\/v2\/posts"}],"about":[{"href":"https:\/\/blogdoedvaldomagalhaes.com.br\/index.php\/wp-json\/wp\/v2\/types\/post"}],"author":[{"embeddable":true,"href":"https:\/\/blogdoedvaldomagalhaes.com.br\/index.php\/wp-json\/wp\/v2\/users\/1"}],"replies":[{"embeddable":true,"href":"https:\/\/blogdoedvaldomagalhaes.com.br\/index.php\/wp-json\/wp\/v2\/comments?post=102620"}],"version-history":[{"count":2,"href":"https:\/\/blogdoedvaldomagalhaes.com.br\/index.php\/wp-json\/wp\/v2\/posts\/102620\/revisions"}],"predecessor-version":[{"id":102626,"href":"https:\/\/blogdoedvaldomagalhaes.com.br\/index.php\/wp-json\/wp\/v2\/posts\/102620\/revisions\/102626"}],"wp:featuredmedia":[{"embeddable":true,"href":"https:\/\/blogdoedvaldomagalhaes.com.br\/index.php\/wp-json\/wp\/v2\/media\/102621"}],"wp:attachment":[{"href":"https:\/\/blogdoedvaldomagalhaes.com.br\/index.php\/wp-json\/wp\/v2\/media?parent=102620"}],"wp:term":[{"taxonomy":"category","embeddable":true,"href":"https:\/\/blogdoedvaldomagalhaes.com.br\/index.php\/wp-json\/wp\/v2\/categories?post=102620"},{"taxonomy":"post_tag","embeddable":true,"href":"https:\/\/blogdoedvaldomagalhaes.com.br\/index.php\/wp-json\/wp\/v2\/tags?post=102620"}],"curies":[{"name":"wp","href":"https:\/\/api.w.org\/{rel}","templated":true}]}}