{"id":102617,"date":"2023-11-07T10:59:56","date_gmt":"2023-11-07T13:59:56","guid":{"rendered":"https:\/\/blogdoedvaldomagalhaes.com.br\/?p=102617"},"modified":"2023-11-07T10:59:58","modified_gmt":"2023-11-07T13:59:58","slug":"exposicao-orgulho-negro-tera-mesa-redonda-apresentacao-artistica-e-noite-do-acaraje","status":"publish","type":"post","link":"https:\/\/blogdoedvaldomagalhaes.com.br\/index.php\/2023\/11\/07\/exposicao-orgulho-negro-tera-mesa-redonda-apresentacao-artistica-e-noite-do-acaraje\/","title":{"rendered":"Exposi\u00e7\u00e3o Orgulho Negro ter\u00e1 mesa-redonda, apresenta\u00e7\u00e3o art\u00edstica e noite do acaraj\u00e9"},"content":{"rendered":"<p>A Funda\u00e7\u00e3o de Cultura (FCC), ir\u00e1 realizar a Exposi\u00e7\u00e3o Orgulho Negro a partir desta quinta-feira (9). A abertura do evento ser\u00e1 \u00e0s 19h, no hall da FCC, e vai contar com mesa-redonda, apresenta\u00e7\u00e3o art\u00edstica e Noite do Acaraj\u00e9, e ser\u00e1 aberta ao p\u00fablico.<\/p>\n<p>Os interessados em conferir a exposi\u00e7\u00e3o, de forma gratuita, poder\u00e1 faz\u00ea-lo at\u00e9 o dia 5 de dezembro. Al\u00e9m disso, haver\u00e1 programa\u00e7\u00e3o em alus\u00e3o ao m\u00eas da Consci\u00eancia Negra durante todas as quintas-feiras de novembro, sempre a partir das 19h, na Funda\u00e7\u00e3o de Cultura, com a\u00e7\u00f5es culturais do Movimento Cultural Afro-Brasileiro.<\/p>\n<p>No dia 20 de novembro, dia da Consci\u00eancia Negra, haver\u00e1 a entrega do T\u00edtulo de Not\u00f3rio Saber da Cultura Afro para pessoas da sociedade civil que tem algum trabalho art\u00edstico e cultural reconhecido na cultura afro-brasileira. Este t\u00edtulo foi uma iniciativa do Babalorix\u00e1 Colibri Brasil.<\/p>\n<p>Neste ano, a vernissage ir\u00e1 contar com a participa\u00e7\u00e3o dos seguintes artistas pl\u00e1sticos: Zenilda Bezerra, Hector Luiz, Ranieri, Carla Barros, Yasmina, Ratinho e Dani Guerreiro. De acordo com o presidente da Funda\u00e7\u00e3o de Cultura, H\u00e9rlon Cavalcanti, esta exposi\u00e7\u00e3o busca \u201co empoderamento da cultura afro-brasileira, sua religiosidade, musicalidade, cren\u00e7as e costumes\u201d.<\/p>\n<p>A mesa-redonda vai contar com a participa\u00e7\u00e3o do professor Ivanildo Felisberto, do campus Agreste da Universidade Federal de Pernambuco (UFPE), de Petrucio Cruz e de Chris Mendes, que ir\u00e3o falar sobre a afro-musicaliza\u00e7\u00e3o e o projeto \u201cAfrobetizando\u201d.<\/p>\n<p>Por fim, o evento ter\u00e1 a apresenta\u00e7\u00e3o art\u00edstica dos alunos do grupo Baque de Rune e a Noite do Acaraj\u00e9, com Jackeline Cruz, na qual os presentes poder\u00e3o saber mais informa\u00e7\u00f5es desta especialidade da culin\u00e1ria africana e afro-brasileira.<\/p>\n<p>A exposi\u00e7\u00e3o no m\u00eas da Consci\u00eancia Negra acontece em Caruaru desde 2017 com produ\u00e7\u00e3o e curadoria de Dani Guerreiro. A Funda\u00e7\u00e3o de Cultura est\u00e1 localizada na Funda\u00e7\u00e3o de Cultura de Caruaru est\u00e1 localizada na rua Frei Caneca, n\u00famero 352, bairro Maur\u00edcio de Nassau (antiga Coletoria).<\/p>\n<p>*Programa\u00e7\u00e3o completa do Movimento Cultural Afro-Brasileiro:*<\/p>\n<p>Dia 09 de novembro (quinta-feira) \u2013 Noite do Acaraj\u00e9, com Jackeline Cruz;<\/p>\n<p>Dia 16 de novembro (quinta-feira) \u2013 Desfile de Moda do projeto Moda Afro com Jackeline Cruz. Noite da Capoeira, com o Grupo de Capoeira Ra\u00e7a Nobre;<\/p>\n<p>Dia 20 de novembro (segunda-feira) \u2013 Dia da Consci\u00eancia Negra e entrega do titulo de Not\u00f3rio Saber da Cultura Afro, emitido pela Funda\u00e7\u00e3o de Cultura de Caruaru;<\/p>\n<p>Dia 23 de novembro (quinta-feira) \u2013 Noite da Capoeira, com o Grupo de Capoeira Ra\u00e7a Nobre;<\/p>\n<p>Dia 30 de novembro (quinta-feira) \u2013 Noite da Cultura Afro de Caruaru, com um grande encontro de todos os seguidores, adeptos e simpatizantes da cultura afro de Caruaru.<\/p>\n<p>Siga o Instagram do Blog para comentar @blogdoedvaldomagalhaes<br \/>\nSe inscreva no canal do Blog no You Tube<\/p>\n","protected":false},"excerpt":{"rendered":"<p>A Funda\u00e7\u00e3o de Cultura (FCC), ir\u00e1 realizar a Exposi\u00e7\u00e3o Orgulho Negro a partir desta quinta-feira (9). A abertura do evento&hellip;<\/p>\n","protected":false},"author":1,"featured_media":102618,"comment_status":"closed","ping_status":"open","sticky":false,"template":"","format":"standard","meta":{"footnotes":""},"categories":[14120],"tags":[28803,2,28801,3406,29040],"class_list":["post-102617","post","type-post","status-publish","format-standard","has-post-thumbnail","hentry","category-noticias","tag-blog-com-mais-visualizacoes","tag-blog-do-edvaldo-magalhaes","tag-blog-mais-acessado","tag-caruaru","tag-exposicao-orgulho-negro-tera-mesa-redonda-apresentacao-artistica-e-noite-do-acaraje"],"_links":{"self":[{"href":"https:\/\/blogdoedvaldomagalhaes.com.br\/index.php\/wp-json\/wp\/v2\/posts\/102617","targetHints":{"allow":["GET"]}}],"collection":[{"href":"https:\/\/blogdoedvaldomagalhaes.com.br\/index.php\/wp-json\/wp\/v2\/posts"}],"about":[{"href":"https:\/\/blogdoedvaldomagalhaes.com.br\/index.php\/wp-json\/wp\/v2\/types\/post"}],"author":[{"embeddable":true,"href":"https:\/\/blogdoedvaldomagalhaes.com.br\/index.php\/wp-json\/wp\/v2\/users\/1"}],"replies":[{"embeddable":true,"href":"https:\/\/blogdoedvaldomagalhaes.com.br\/index.php\/wp-json\/wp\/v2\/comments?post=102617"}],"version-history":[{"count":1,"href":"https:\/\/blogdoedvaldomagalhaes.com.br\/index.php\/wp-json\/wp\/v2\/posts\/102617\/revisions"}],"predecessor-version":[{"id":102619,"href":"https:\/\/blogdoedvaldomagalhaes.com.br\/index.php\/wp-json\/wp\/v2\/posts\/102617\/revisions\/102619"}],"wp:featuredmedia":[{"embeddable":true,"href":"https:\/\/blogdoedvaldomagalhaes.com.br\/index.php\/wp-json\/wp\/v2\/media\/102618"}],"wp:attachment":[{"href":"https:\/\/blogdoedvaldomagalhaes.com.br\/index.php\/wp-json\/wp\/v2\/media?parent=102617"}],"wp:term":[{"taxonomy":"category","embeddable":true,"href":"https:\/\/blogdoedvaldomagalhaes.com.br\/index.php\/wp-json\/wp\/v2\/categories?post=102617"},{"taxonomy":"post_tag","embeddable":true,"href":"https:\/\/blogdoedvaldomagalhaes.com.br\/index.php\/wp-json\/wp\/v2\/tags?post=102617"}],"curies":[{"name":"wp","href":"https:\/\/api.w.org\/{rel}","templated":true}]}}