{"id":102614,"date":"2023-11-07T10:48:49","date_gmt":"2023-11-07T13:48:49","guid":{"rendered":"https:\/\/blogdoedvaldomagalhaes.com.br\/?p=102614"},"modified":"2023-11-07T10:48:51","modified_gmt":"2023-11-07T13:48:51","slug":"transforma-caruaru-participa-juntamente-com-a-rede-muda-mundo-da-nova-campanha-conta-do-bem","status":"publish","type":"post","link":"https:\/\/blogdoedvaldomagalhaes.com.br\/index.php\/2023\/11\/07\/transforma-caruaru-participa-juntamente-com-a-rede-muda-mundo-da-nova-campanha-conta-do-bem\/","title":{"rendered":"Transforma Caruaru participa, juntamente com a rede Muda Mundo, da nova campanha \u201cConta do Bem\u201d"},"content":{"rendered":"<p>O Transforma Caruaru, em parceria rede Muda Mundo, lan\u00e7ou a campanha \u201cConta do Bem\u201d, que permite que institui\u00e7\u00f5es recebam doa\u00e7\u00f5es de qualquer quantia, por meio da conta de energia el\u00e9trica, da Neoenergia Pernambuco.<\/p>\n<p>Um dos n\u00facleos da Rede Muda Mundo, o Porto Digital, ser\u00e1 beneficiado. A institui\u00e7\u00e3o oferece rotas educacionais para estruturar, viabilizar e desenvolver projetos e iniciativas de empreendedorismo social.<\/p>\n<p>O Porto Digital \u00e9 uma organiza\u00e7\u00e3o que atua com educa\u00e7\u00e3o e forma\u00e7\u00e3o empreendedora, oferecendo forma\u00e7\u00e3o para qualifica\u00e7\u00e3o de l\u00edderes e gest\u00e3o de iniciativas sociais, gerando mais impacto positivo nas comunidades. Ao longo de sua hist\u00f3ria de sete anos, o Porto Digital contabiliza 850 mil pessoas beneficiadas indiretamente com os programas, 2.500 l\u00edderes qualificados, 445 iniciativas que receberam mentoria e consultorias em gest\u00e3o administrativa, financeira e outros acompanhamentos. No total, foram impactadas mais de 1 mil comunidades do Recife.<\/p>\n<p>\u201cRepresentantes da rede Muda Mundo estiveram aqui no munic\u00edpio e, juntamente com o Transforma Caruaru, tivemos uma reuni\u00e3o com o presidente da OAB da cidade, que \u00e9 o patrono do Transforma, e ele prontamente j\u00e1 aderiu \u00e0 Conta do Bem. Isso \u00e9 um pontap\u00e9 inicial muito importante para a campanha, isso significa que estamos no caminho certo\u201d, afirmou a gerente do Transforma Caruaru, Christianny Magalh\u00e3es.<\/p>\n<p>A rede Muda Mundo \u00e9 um projeto de transforma\u00e7\u00e3o social que existe desde 2006 e j\u00e1 percorreu 13 estados brasileiros.<\/p>\n<p>Para colaborar, basta que o cliente autorize a doa\u00e7\u00e3o em um dos canais digitais oferecidos pela empresa. O cadastro pode ser feito na p\u00e1gina: https:\/\/portosocial.com.br\/contadobem.<\/p>\n<p>Ao aderir \u00e0 iniciativa, os pernambucanos podem escolher fazer a doa\u00e7\u00e3o, na quantia que desejarem, com a possibilidade de alterar ou cancelar o d\u00e9bito a qualquer momento.<br \/>\nFoto: Transforma Caruaru.<\/p>\n<p>Siga o Instagram do Blog @blogdoedvaldomagalhaes<br \/>\nSe inscreva no canal do Blog no You Tube<\/p>\n","protected":false},"excerpt":{"rendered":"<p>O Transforma Caruaru, em parceria rede Muda Mundo, lan\u00e7ou a campanha \u201cConta do Bem\u201d, que permite que institui\u00e7\u00f5es recebam doa\u00e7\u00f5es&hellip;<\/p>\n","protected":false},"author":1,"featured_media":102615,"comment_status":"closed","ping_status":"open","sticky":false,"template":"","format":"standard","meta":{"footnotes":""},"categories":[14120],"tags":[28803,2,28801,3406,29039],"class_list":["post-102614","post","type-post","status-publish","format-standard","has-post-thumbnail","hentry","category-noticias","tag-blog-com-mais-visualizacoes","tag-blog-do-edvaldo-magalhaes","tag-blog-mais-acessado","tag-caruaru","tag-transforma-caruaru"],"_links":{"self":[{"href":"https:\/\/blogdoedvaldomagalhaes.com.br\/index.php\/wp-json\/wp\/v2\/posts\/102614","targetHints":{"allow":["GET"]}}],"collection":[{"href":"https:\/\/blogdoedvaldomagalhaes.com.br\/index.php\/wp-json\/wp\/v2\/posts"}],"about":[{"href":"https:\/\/blogdoedvaldomagalhaes.com.br\/index.php\/wp-json\/wp\/v2\/types\/post"}],"author":[{"embeddable":true,"href":"https:\/\/blogdoedvaldomagalhaes.com.br\/index.php\/wp-json\/wp\/v2\/users\/1"}],"replies":[{"embeddable":true,"href":"https:\/\/blogdoedvaldomagalhaes.com.br\/index.php\/wp-json\/wp\/v2\/comments?post=102614"}],"version-history":[{"count":1,"href":"https:\/\/blogdoedvaldomagalhaes.com.br\/index.php\/wp-json\/wp\/v2\/posts\/102614\/revisions"}],"predecessor-version":[{"id":102616,"href":"https:\/\/blogdoedvaldomagalhaes.com.br\/index.php\/wp-json\/wp\/v2\/posts\/102614\/revisions\/102616"}],"wp:featuredmedia":[{"embeddable":true,"href":"https:\/\/blogdoedvaldomagalhaes.com.br\/index.php\/wp-json\/wp\/v2\/media\/102615"}],"wp:attachment":[{"href":"https:\/\/blogdoedvaldomagalhaes.com.br\/index.php\/wp-json\/wp\/v2\/media?parent=102614"}],"wp:term":[{"taxonomy":"category","embeddable":true,"href":"https:\/\/blogdoedvaldomagalhaes.com.br\/index.php\/wp-json\/wp\/v2\/categories?post=102614"},{"taxonomy":"post_tag","embeddable":true,"href":"https:\/\/blogdoedvaldomagalhaes.com.br\/index.php\/wp-json\/wp\/v2\/tags?post=102614"}],"curies":[{"name":"wp","href":"https:\/\/api.w.org\/{rel}","templated":true}]}}