{"id":102611,"date":"2023-11-07T09:52:42","date_gmt":"2023-11-07T12:52:42","guid":{"rendered":"https:\/\/blogdoedvaldomagalhaes.com.br\/?p=102611"},"modified":"2023-11-07T09:52:44","modified_gmt":"2023-11-07T12:52:44","slug":"morar-bem-entrada-garantida-politica-habitacional-de-pernambuco-ganha-reconhecimento-em-premiacao-nacional","status":"publish","type":"post","link":"https:\/\/blogdoedvaldomagalhaes.com.br\/index.php\/2023\/11\/07\/morar-bem-entrada-garantida-politica-habitacional-de-pernambuco-ganha-reconhecimento-em-premiacao-nacional\/","title":{"rendered":"Morar Bem &#8211; Entrada Garantida: pol\u00edtica habitacional de Pernambuco ganha reconhecimento em premia\u00e7\u00e3o nacional"},"content":{"rendered":"<p>O Programa do Governo do Estado Morar Bem Pernambuco &#8211; Entrada Garantida ganhou o pr\u00eamio Selo de M\u00e9rito, promovido pela Associa\u00e7\u00e3o Brasileira de Cohabs (ABC Habita\u00e7\u00e3o) em parceria com o F\u00f3rum Nacional de Secret\u00e1rios de Habita\u00e7\u00e3o e Desenvolvimento Urbano (FNSHDU), na categoria Produ\u00e7\u00e3o de Habita\u00e7\u00e3o de Interesse Social, com foco em subs\u00eddio habitacional. A premia\u00e7\u00e3o faz parte do 70\u00ba F\u00f3rum Nacional de Habita\u00e7\u00e3o de Interesse Social, promovido pela entidade e \u00e9 considerada o mais importante reconhecimento do setor no Brasil.<\/p>\n<p>&#8220;J\u00e1 s\u00e3o sete empreendimentos que est\u00e3o com obras iniciadas e habilitados junto \u00e0 Caixa Econ\u00f4mica para receberem as primeiras fam\u00edlias do Programa Entrada Garantida. Em breve teremos pernambucanos e pernambucanas sendo contemplados e gente morando com mais cidadania no nosso Estado&#8221;, comemorou a governadora Raquel Lyra.<\/p>\n<p>Primeira pol\u00edtica habitacional de interesse social do Estado, o Programa Morar Bem Pernambuco foi criado com o objetivo de reduzir o d\u00e9ficit habitacional. A Entrada Garantida \u00e9 uma modalidade do Morar Bem, voltada para fam\u00edlias de baixa renda que n\u00e3o t\u00eam condi\u00e7\u00f5es de pagar a entrada num financiamento habitacional. Atrav\u00e9s dela, o Governo oferece subs\u00eddios de at\u00e9 R$ 20 mil para que fam\u00edlias com renda familiar de at\u00e9 dois sal\u00e1rios m\u00ednimos possam comprar seu primeiro im\u00f3vel.<\/p>\n<p>&#8220;Esse \u00e9 o principal pr\u00eamio do Brasil em habita\u00e7\u00e3o de interesse social. Pernambuco, mais uma vez, se destaca neste que \u00e9 o maior programa habitacional da hist\u00f3ria de nosso Estado&#8221;, disse a secret\u00e1ria de Desenvolvimento Urbano e Habita\u00e7\u00e3o, Simone Nunes.<\/p>\n<p>O programa foi inscrito pelo Governo do Estado como uma iniciativa da Companhia Estadual de Habita\u00e7\u00e3o e Obras (Cehab). Foram cerca de 37 projetos e programas inscritos de institui\u00e7\u00f5es p\u00fablicas de todo o Brasil. A iniciativa do pr\u00eamio \u00e9 divulgar solu\u00e7\u00f5es inovadoras, sustent\u00e1veis e socialmente respons\u00e1veis na \u00e1rea de habita\u00e7\u00e3o de interesse social. O evento de premia\u00e7\u00e3o acontecer\u00e1 durante o F\u00f3rum que vai acontecer no dia 1\u00ba de dezembro, no Rio de Janeiro.<\/p>\n<p>Segundo dados da Secretaria Nacional de Habita\u00e7\u00e3o (SNH), o pernambucano que tem uma renda de dois sal\u00e1rios precisa ter, em m\u00e9dia, R$ 20 mil para complementar a entrada em um financiamento do programa Minha Casa Minha Vida. Esse valor j\u00e1 considera o subs\u00eddio dado pelo governo federal no programa, que financia at\u00e9 80% do valor do im\u00f3vel. O governo do Estado tem um or\u00e7amento inicial de R$ 200 milh\u00f5es para a Entrada Garantida, recurso suficiente para beneficiar 10 mil fam\u00edlias.<\/p>\n<p>Dados da Associa\u00e7\u00e3o das Empresas do Mercado Imobili\u00e1rio (Ademi\/PE) mostram que a iniciativa do governo tem o potencial de atrair investimentos de R$ 4 bilh\u00f5es, oriundos do FGTS, na ind\u00fastria da constru\u00e7\u00e3o civil e incentivar a gera\u00e7\u00e3o de mais de 72 mil empregos diretos e indiretos.<br \/>\nFotos: Miva Filho\/ Secom.<\/p>\n<p>Siga o Instagram do Blog @blogdoedvaldomagalhaes<br \/>\nSe inscreva no canal do Blog no You Tube<\/p>\n","protected":false},"excerpt":{"rendered":"<p>O Programa do Governo do Estado Morar Bem Pernambuco &#8211; Entrada Garantida ganhou o pr\u00eamio Selo de M\u00e9rito, promovido pela&hellip;<\/p>\n","protected":false},"author":1,"featured_media":102612,"comment_status":"closed","ping_status":"open","sticky":false,"template":"","format":"standard","meta":{"footnotes":""},"categories":[14122],"tags":[28803,2,28801,3406,29038,20,1229],"class_list":["post-102611","post","type-post","status-publish","format-standard","has-post-thumbnail","hentry","category-politica","tag-blog-com-mais-visualizacoes","tag-blog-do-edvaldo-magalhaes","tag-blog-mais-acessado","tag-caruaru","tag-morar-bem-entrada-garantida-politica-habitacional-de-pernambuco-ganha-reconhecimento-em-premiacao-nacional","tag-politica","tag-raquel-lyra"],"_links":{"self":[{"href":"https:\/\/blogdoedvaldomagalhaes.com.br\/index.php\/wp-json\/wp\/v2\/posts\/102611","targetHints":{"allow":["GET"]}}],"collection":[{"href":"https:\/\/blogdoedvaldomagalhaes.com.br\/index.php\/wp-json\/wp\/v2\/posts"}],"about":[{"href":"https:\/\/blogdoedvaldomagalhaes.com.br\/index.php\/wp-json\/wp\/v2\/types\/post"}],"author":[{"embeddable":true,"href":"https:\/\/blogdoedvaldomagalhaes.com.br\/index.php\/wp-json\/wp\/v2\/users\/1"}],"replies":[{"embeddable":true,"href":"https:\/\/blogdoedvaldomagalhaes.com.br\/index.php\/wp-json\/wp\/v2\/comments?post=102611"}],"version-history":[{"count":1,"href":"https:\/\/blogdoedvaldomagalhaes.com.br\/index.php\/wp-json\/wp\/v2\/posts\/102611\/revisions"}],"predecessor-version":[{"id":102613,"href":"https:\/\/blogdoedvaldomagalhaes.com.br\/index.php\/wp-json\/wp\/v2\/posts\/102611\/revisions\/102613"}],"wp:featuredmedia":[{"embeddable":true,"href":"https:\/\/blogdoedvaldomagalhaes.com.br\/index.php\/wp-json\/wp\/v2\/media\/102612"}],"wp:attachment":[{"href":"https:\/\/blogdoedvaldomagalhaes.com.br\/index.php\/wp-json\/wp\/v2\/media?parent=102611"}],"wp:term":[{"taxonomy":"category","embeddable":true,"href":"https:\/\/blogdoedvaldomagalhaes.com.br\/index.php\/wp-json\/wp\/v2\/categories?post=102611"},{"taxonomy":"post_tag","embeddable":true,"href":"https:\/\/blogdoedvaldomagalhaes.com.br\/index.php\/wp-json\/wp\/v2\/tags?post=102611"}],"curies":[{"name":"wp","href":"https:\/\/api.w.org\/{rel}","templated":true}]}}