{"id":102606,"date":"2023-11-06T20:15:25","date_gmt":"2023-11-06T23:15:25","guid":{"rendered":"https:\/\/blogdoedvaldomagalhaes.com.br\/?p=102606"},"modified":"2023-11-06T20:15:26","modified_gmt":"2023-11-06T23:15:26","slug":"policia-civil-prende-envolvidos-com-o-trafico-de-drogas-e-apreende-arma","status":"publish","type":"post","link":"https:\/\/blogdoedvaldomagalhaes.com.br\/index.php\/2023\/11\/06\/policia-civil-prende-envolvidos-com-o-trafico-de-drogas-e-apreende-arma\/","title":{"rendered":"Pol\u00edcia Civil prende envolvidos com o tr\u00e1fico de drogas e apreende arma"},"content":{"rendered":"<p>A POL\u00cdCIA CIVIL DE PERNAMBUCO, nesse \u00a0domingo (05), por meio da equipe da 94\u00aa Circunscri\u00e7\u00e3o \u2013 Cupira\/PE, sob o comando do Delegado Hugo Siqueira, vinculado \u00e0 Diretoria Integrada do interior I \u2013 DINTER 1, efetuou a PRIS\u00c3O de dois homens relacionada aos crimes de Tr\u00e1fico de Drogas, Associa\u00e7\u00e3o para o Tr\u00e1fico e Porte de Arma de Fogo de Uso Proibido. APREENS\u00d5ES: 01 pistola 9mm com seletor de rajadas, 02 carregadores de pistola 9mm, 62 muni\u00e7\u00f5es 9mm, 01 KG de maconha prensada, 108 big-bigs de Maconha, 26 Pedras de Crack, 22 Pinos de Coca\u00edna, Balan\u00e7a de Precis\u00e3o, Caderno de Anota\u00e7\u00f5es, 03 celulares, 01 ve\u00edculo.<br \/>\nDelegado Hugo Siqueira \u2013 94\u00aa Circ. Delegado Seccional<br \/>\nAltemar Mamede \u2013 14\u00aa Desec Foto: Divulga\u00e7\u00e3o.<\/p>\n<p>Siga o Instagram do Blog @blogdoedvaldomagalhaes<\/p>\n<p>Se inscreva no canal do Blog no YouTube<\/p>\n","protected":false},"excerpt":{"rendered":"<p>A POL\u00cdCIA CIVIL DE PERNAMBUCO, nesse \u00a0domingo (05), por meio da equipe da 94\u00aa Circunscri\u00e7\u00e3o \u2013 Cupira\/PE, sob o comando&hellip;<\/p>\n","protected":false},"author":1,"featured_media":102607,"comment_status":"closed","ping_status":"open","sticky":false,"template":"","format":"standard","meta":{"footnotes":""},"categories":[14121],"tags":[28803,2,28801,3406,29037],"class_list":["post-102606","post","type-post","status-publish","format-standard","has-post-thumbnail","hentry","category-policial","tag-blog-com-mais-visualizacoes","tag-blog-do-edvaldo-magalhaes","tag-blog-mais-acessado","tag-caruaru","tag-pcpe-prende-envolvidos-com-o-trafico-de-drogas-e-apreende-arma"],"_links":{"self":[{"href":"https:\/\/blogdoedvaldomagalhaes.com.br\/index.php\/wp-json\/wp\/v2\/posts\/102606","targetHints":{"allow":["GET"]}}],"collection":[{"href":"https:\/\/blogdoedvaldomagalhaes.com.br\/index.php\/wp-json\/wp\/v2\/posts"}],"about":[{"href":"https:\/\/blogdoedvaldomagalhaes.com.br\/index.php\/wp-json\/wp\/v2\/types\/post"}],"author":[{"embeddable":true,"href":"https:\/\/blogdoedvaldomagalhaes.com.br\/index.php\/wp-json\/wp\/v2\/users\/1"}],"replies":[{"embeddable":true,"href":"https:\/\/blogdoedvaldomagalhaes.com.br\/index.php\/wp-json\/wp\/v2\/comments?post=102606"}],"version-history":[{"count":1,"href":"https:\/\/blogdoedvaldomagalhaes.com.br\/index.php\/wp-json\/wp\/v2\/posts\/102606\/revisions"}],"predecessor-version":[{"id":102608,"href":"https:\/\/blogdoedvaldomagalhaes.com.br\/index.php\/wp-json\/wp\/v2\/posts\/102606\/revisions\/102608"}],"wp:featuredmedia":[{"embeddable":true,"href":"https:\/\/blogdoedvaldomagalhaes.com.br\/index.php\/wp-json\/wp\/v2\/media\/102607"}],"wp:attachment":[{"href":"https:\/\/blogdoedvaldomagalhaes.com.br\/index.php\/wp-json\/wp\/v2\/media?parent=102606"}],"wp:term":[{"taxonomy":"category","embeddable":true,"href":"https:\/\/blogdoedvaldomagalhaes.com.br\/index.php\/wp-json\/wp\/v2\/categories?post=102606"},{"taxonomy":"post_tag","embeddable":true,"href":"https:\/\/blogdoedvaldomagalhaes.com.br\/index.php\/wp-json\/wp\/v2\/tags?post=102606"}],"curies":[{"name":"wp","href":"https:\/\/api.w.org\/{rel}","templated":true}]}}