{"id":102600,"date":"2023-11-06T17:23:57","date_gmt":"2023-11-06T20:23:57","guid":{"rendered":"https:\/\/blogdoedvaldomagalhaes.com.br\/?p=102600"},"modified":"2023-11-06T17:23:58","modified_gmt":"2023-11-06T20:23:58","slug":"procon-caruaru-divulga-mais-uma-cotacao-de-precos-da-cesta-basica-e-do-gas-de-cozinha","status":"publish","type":"post","link":"https:\/\/blogdoedvaldomagalhaes.com.br\/index.php\/2023\/11\/06\/procon-caruaru-divulga-mais-uma-cotacao-de-precos-da-cesta-basica-e-do-gas-de-cozinha\/","title":{"rendered":"Procon Caruaru divulga mais uma cota\u00e7\u00e3o de pre\u00e7os da Cesta B\u00e1sica e do g\u00e1s de cozinha"},"content":{"rendered":"<p>O Procon realizou pesquisa de cota\u00e7\u00e3o de pre\u00e7os da cesta b\u00e1sica, entre os dias 26 a 30 de outubro de 2023. Em compara\u00e7\u00e3o a setembro\/23, o aumento \u00e9 de 1,86% em torno de R$10,73, resultando no valor final da cesta b\u00e1sica em R$ 588,03.<\/p>\n<p>Durante a pesquisa foi constatado que 11 produtos tiveram redu\u00e7\u00e3o e 15 produtos sofreram aumento e apenas 1 manteve o valor da cota\u00e7\u00e3o anterior. O levantamento foi realizado em 12 estabelecimentos, situados em 11 bairros da cidade.<\/p>\n<p>As equipes de fiscaliza\u00e7\u00e3o registraram os pre\u00e7os de 27 itens, dos quais, 19 foram de g\u00eaneros aliment\u00edcios, quatro de limpeza dom\u00e9stica e quatro de higiene pessoal. Dos itens que tiveram maior redu\u00e7\u00e3o est\u00e3o o sabonete, 12,5% (era R$1,74, passou para R$1,55 a unidade); o quilo do frango, 6,4% (era R$11,20, passou para R$10,53) e a farinha, 6,3% (era R$6,52, passou para R$6,14 o quilo).<\/p>\n<p>Os maiores reajustes foram no pre\u00e7o da cebola, 55% (era R$3,33 passou para R$5,16 o quilo); batata inglesa, 29% (era R$4,01, passou para R$5,17 o quilo) e a salsicha avulsa, 18,8% (era R$8,49, passou para R$10,08 o pacote com 500g). A diferen\u00e7a de pre\u00e7os entre os estabelecimentos chega a 299,46% na batata inglesa.<\/p>\n<p>J\u00e1 o g\u00e1s de cozinha sofreu um reajuste de 0,5% em rela\u00e7\u00e3o a setembro, que era m\u00e9dia de R$84,48 e passou para R$84,52. O produto foi pesquisado em 10 estabelecimentos e em todos o valor \u00e0 vista permanece o mesmo. Foto: Divulga\u00e7\u00e3o\/Secom<\/p>\n<p>Siga o Instagram do Blog @blogdoedvaldomagalhaes<br \/>\nSe inscreva no canal do Blog no You Tube<\/p>\n","protected":false},"excerpt":{"rendered":"<p>O Procon realizou pesquisa de cota\u00e7\u00e3o de pre\u00e7os da cesta b\u00e1sica, entre os dias 26 a 30 de outubro de&hellip;<\/p>\n","protected":false},"author":1,"featured_media":102601,"comment_status":"closed","ping_status":"open","sticky":false,"template":"","format":"standard","meta":{"footnotes":""},"categories":[14120],"tags":[28925,2,28801,3406,29035],"class_list":["post-102600","post","type-post","status-publish","format-standard","has-post-thumbnail","hentry","category-noticias","tag-blog-comamos-visualizacoes","tag-blog-do-edvaldo-magalhaes","tag-blog-mais-acessado","tag-caruaru","tag-procon-caruaru-divulga-mais-uma-cotacao-de-precos-da-cesta-basica-e-do-gas-de-cozinha"],"_links":{"self":[{"href":"https:\/\/blogdoedvaldomagalhaes.com.br\/index.php\/wp-json\/wp\/v2\/posts\/102600","targetHints":{"allow":["GET"]}}],"collection":[{"href":"https:\/\/blogdoedvaldomagalhaes.com.br\/index.php\/wp-json\/wp\/v2\/posts"}],"about":[{"href":"https:\/\/blogdoedvaldomagalhaes.com.br\/index.php\/wp-json\/wp\/v2\/types\/post"}],"author":[{"embeddable":true,"href":"https:\/\/blogdoedvaldomagalhaes.com.br\/index.php\/wp-json\/wp\/v2\/users\/1"}],"replies":[{"embeddable":true,"href":"https:\/\/blogdoedvaldomagalhaes.com.br\/index.php\/wp-json\/wp\/v2\/comments?post=102600"}],"version-history":[{"count":1,"href":"https:\/\/blogdoedvaldomagalhaes.com.br\/index.php\/wp-json\/wp\/v2\/posts\/102600\/revisions"}],"predecessor-version":[{"id":102602,"href":"https:\/\/blogdoedvaldomagalhaes.com.br\/index.php\/wp-json\/wp\/v2\/posts\/102600\/revisions\/102602"}],"wp:featuredmedia":[{"embeddable":true,"href":"https:\/\/blogdoedvaldomagalhaes.com.br\/index.php\/wp-json\/wp\/v2\/media\/102601"}],"wp:attachment":[{"href":"https:\/\/blogdoedvaldomagalhaes.com.br\/index.php\/wp-json\/wp\/v2\/media?parent=102600"}],"wp:term":[{"taxonomy":"category","embeddable":true,"href":"https:\/\/blogdoedvaldomagalhaes.com.br\/index.php\/wp-json\/wp\/v2\/categories?post=102600"},{"taxonomy":"post_tag","embeddable":true,"href":"https:\/\/blogdoedvaldomagalhaes.com.br\/index.php\/wp-json\/wp\/v2\/tags?post=102600"}],"curies":[{"name":"wp","href":"https:\/\/api.w.org\/{rel}","templated":true}]}}