{"id":102597,"date":"2023-11-06T14:12:27","date_gmt":"2023-11-06T17:12:27","guid":{"rendered":"https:\/\/blogdoedvaldomagalhaes.com.br\/?p=102597"},"modified":"2023-11-06T14:12:28","modified_gmt":"2023-11-06T17:12:28","slug":"campanha-natal-solidario-e-lancada-pela-associacao-de-moradores-do-bairro-agamenon","status":"publish","type":"post","link":"https:\/\/blogdoedvaldomagalhaes.com.br\/index.php\/2023\/11\/06\/campanha-natal-solidario-e-lancada-pela-associacao-de-moradores-do-bairro-agamenon\/","title":{"rendered":"Campanha Natal Solid\u00e1rio \u00e9 lan\u00e7ada pela Associa\u00e7\u00e3o de Moradores do bairro Agamenon"},"content":{"rendered":"<p>O presidente da Associa\u00e7\u00e3o de Moradores do bairro Agamenon, J\u00fanior Letal, lan\u00e7ou nesta segunda-feira 06, a Campanha Natal Solid\u00e1rio, que tem como objetivo arrecadar alimentos que ser\u00e3o doados para as fam\u00edlias da comunidade. Pontos de coleta estar\u00e3o dispon\u00edveis em quase todos os estabelecimentos comerciais da referida localidade.<\/p>\n<p>De acordo com J\u00fanior Letal, presidente da AMBAM, a campanha ser\u00e1 um momento de compartilhamento entre os moradores, pois, cada alimento doado ir\u00e1 beneficiar fam\u00edlias carentes da comunidade, principalmente aquelas que no momento enfrentam dificuldades.<\/p>\n<p>&#8221; A Campanha Natal Solid\u00e1rio visa ajudar o pr\u00f3ximo, proporcionando as fam\u00edlias carentes da nossa comunidade uma noite de Natal aben\u00e7oada. E, foi pensando nisso, que hoje estamos dando in\u00edcio a mais esse projeto. Os moradores do bairro Agamenon e comunidades vizinhas t\u00eam sido generosos com as nossas a\u00e7\u00f5es, e com o apoio deles, vamos fazer um Natal bem melhor para todos &#8220;, disse J\u00fanior Letal.<\/p>\n<p>Siga o Instagram do Blog para comentar @blogdoedvaldomagalhaes<br \/>\nSe inscreva no canal do Blog no You Tube<\/p>\n","protected":false},"excerpt":{"rendered":"<p>O presidente da Associa\u00e7\u00e3o de Moradores do bairro Agamenon, J\u00fanior Letal, lan\u00e7ou nesta segunda-feira 06, a Campanha Natal Solid\u00e1rio, que&hellip;<\/p>\n","protected":false},"author":1,"featured_media":102598,"comment_status":"closed","ping_status":"open","sticky":false,"template":"","format":"standard","meta":{"footnotes":""},"categories":[14120],"tags":[28803,2,28801,29034,3406],"class_list":["post-102597","post","type-post","status-publish","format-standard","has-post-thumbnail","hentry","category-noticias","tag-blog-com-mais-visualizacoes","tag-blog-do-edvaldo-magalhaes","tag-blog-mais-acessado","tag-campanha-natal-solidario-e-lancada-pela-associacao-de-moradores-do-bairro-agamenon","tag-caruaru"],"_links":{"self":[{"href":"https:\/\/blogdoedvaldomagalhaes.com.br\/index.php\/wp-json\/wp\/v2\/posts\/102597","targetHints":{"allow":["GET"]}}],"collection":[{"href":"https:\/\/blogdoedvaldomagalhaes.com.br\/index.php\/wp-json\/wp\/v2\/posts"}],"about":[{"href":"https:\/\/blogdoedvaldomagalhaes.com.br\/index.php\/wp-json\/wp\/v2\/types\/post"}],"author":[{"embeddable":true,"href":"https:\/\/blogdoedvaldomagalhaes.com.br\/index.php\/wp-json\/wp\/v2\/users\/1"}],"replies":[{"embeddable":true,"href":"https:\/\/blogdoedvaldomagalhaes.com.br\/index.php\/wp-json\/wp\/v2\/comments?post=102597"}],"version-history":[{"count":1,"href":"https:\/\/blogdoedvaldomagalhaes.com.br\/index.php\/wp-json\/wp\/v2\/posts\/102597\/revisions"}],"predecessor-version":[{"id":102599,"href":"https:\/\/blogdoedvaldomagalhaes.com.br\/index.php\/wp-json\/wp\/v2\/posts\/102597\/revisions\/102599"}],"wp:featuredmedia":[{"embeddable":true,"href":"https:\/\/blogdoedvaldomagalhaes.com.br\/index.php\/wp-json\/wp\/v2\/media\/102598"}],"wp:attachment":[{"href":"https:\/\/blogdoedvaldomagalhaes.com.br\/index.php\/wp-json\/wp\/v2\/media?parent=102597"}],"wp:term":[{"taxonomy":"category","embeddable":true,"href":"https:\/\/blogdoedvaldomagalhaes.com.br\/index.php\/wp-json\/wp\/v2\/categories?post=102597"},{"taxonomy":"post_tag","embeddable":true,"href":"https:\/\/blogdoedvaldomagalhaes.com.br\/index.php\/wp-json\/wp\/v2\/tags?post=102597"}],"curies":[{"name":"wp","href":"https:\/\/api.w.org\/{rel}","templated":true}]}}