{"id":102594,"date":"2023-11-06T13:46:46","date_gmt":"2023-11-06T16:46:46","guid":{"rendered":"https:\/\/blogdoedvaldomagalhaes.com.br\/?p=102594"},"modified":"2023-11-06T13:46:47","modified_gmt":"2023-11-06T16:46:47","slug":"exposicao-maos-que-fazem-na-casa-dos-pobres-de-caruaru","status":"publish","type":"post","link":"https:\/\/blogdoedvaldomagalhaes.com.br\/index.php\/2023\/11\/06\/exposicao-maos-que-fazem-na-casa-dos-pobres-de-caruaru\/","title":{"rendered":"Exposi\u00e7\u00e3o M\u00e3os que Fazem na Casa dos Pobres de Caruaru"},"content":{"rendered":"<p>Neste ano a novidade \u00e9 que a Exposi\u00e7\u00e3o vai acontecer na Casa dos Pobres. Uma oportunidade para voc\u00ea conhecer o espa\u00e7o e os moradores. Todos est\u00e3o convidados para comparecerem na segunda-feira (13.11), para apreciar os trabalhos manuais produzidos pelos artes\u00e3os. S\u00e3o quadros, bijuterias, lembrancinhas em croch\u00ea e tecidos. Tudo feito o ano inteiro com muito carinho e dedica\u00e7\u00e3o pelos artes\u00e3os.<\/p>\n<p>O evento tem in\u00edcio \u00e0s 19h e conta com a participa\u00e7\u00e3o do cantor Bartho e da cantora Bete Lee, que v\u00e3o dar um show pra todos os convidados. Imperd\u00edvel. PrecisoPrestigie os idosos com o trabalho deles.<\/p>\n<p>Siga o Instagram do Blog para comentar @blogdoedvaldomagalhaes<br \/>\nSe inscreva no canal do Blog no You Tube<\/p>\n","protected":false},"excerpt":{"rendered":"<p>Neste ano a novidade \u00e9 que a Exposi\u00e7\u00e3o vai acontecer na Casa dos Pobres. Uma oportunidade para voc\u00ea conhecer o&hellip;<\/p>\n","protected":false},"author":1,"featured_media":102595,"comment_status":"closed","ping_status":"open","sticky":false,"template":"","format":"standard","meta":{"footnotes":""},"categories":[14120],"tags":[28803,2,28801,3406,29033],"class_list":["post-102594","post","type-post","status-publish","format-standard","has-post-thumbnail","hentry","category-noticias","tag-blog-com-mais-visualizacoes","tag-blog-do-edvaldo-magalhaes","tag-blog-mais-acessado","tag-caruaru","tag-exposicao-maos-que-fazem-na-casa-dos-pobres-de-caruaru"],"_links":{"self":[{"href":"https:\/\/blogdoedvaldomagalhaes.com.br\/index.php\/wp-json\/wp\/v2\/posts\/102594","targetHints":{"allow":["GET"]}}],"collection":[{"href":"https:\/\/blogdoedvaldomagalhaes.com.br\/index.php\/wp-json\/wp\/v2\/posts"}],"about":[{"href":"https:\/\/blogdoedvaldomagalhaes.com.br\/index.php\/wp-json\/wp\/v2\/types\/post"}],"author":[{"embeddable":true,"href":"https:\/\/blogdoedvaldomagalhaes.com.br\/index.php\/wp-json\/wp\/v2\/users\/1"}],"replies":[{"embeddable":true,"href":"https:\/\/blogdoedvaldomagalhaes.com.br\/index.php\/wp-json\/wp\/v2\/comments?post=102594"}],"version-history":[{"count":1,"href":"https:\/\/blogdoedvaldomagalhaes.com.br\/index.php\/wp-json\/wp\/v2\/posts\/102594\/revisions"}],"predecessor-version":[{"id":102596,"href":"https:\/\/blogdoedvaldomagalhaes.com.br\/index.php\/wp-json\/wp\/v2\/posts\/102594\/revisions\/102596"}],"wp:featuredmedia":[{"embeddable":true,"href":"https:\/\/blogdoedvaldomagalhaes.com.br\/index.php\/wp-json\/wp\/v2\/media\/102595"}],"wp:attachment":[{"href":"https:\/\/blogdoedvaldomagalhaes.com.br\/index.php\/wp-json\/wp\/v2\/media?parent=102594"}],"wp:term":[{"taxonomy":"category","embeddable":true,"href":"https:\/\/blogdoedvaldomagalhaes.com.br\/index.php\/wp-json\/wp\/v2\/categories?post=102594"},{"taxonomy":"post_tag","embeddable":true,"href":"https:\/\/blogdoedvaldomagalhaes.com.br\/index.php\/wp-json\/wp\/v2\/tags?post=102594"}],"curies":[{"name":"wp","href":"https:\/\/api.w.org\/{rel}","templated":true}]}}