{"id":102591,"date":"2023-11-06T11:55:55","date_gmt":"2023-11-06T14:55:55","guid":{"rendered":"https:\/\/blogdoedvaldomagalhaes.com.br\/?p=102591"},"modified":"2023-11-06T12:08:04","modified_gmt":"2023-11-06T15:08:04","slug":"motoristas-multados-por-ultrapassagens-indevidas-nao-uso-do-cinto-de-seguranca-e-alcoolemia-ao-volante","status":"publish","type":"post","link":"https:\/\/blogdoedvaldomagalhaes.com.br\/index.php\/2023\/11\/06\/motoristas-multados-por-ultrapassagens-indevidas-nao-uso-do-cinto-de-seguranca-e-alcoolemia-ao-volante\/","title":{"rendered":"Motoristas multados por ultrapassagens indevidas, n\u00e3o uso do cinto de seguran\u00e7a e alcoolemia ao volante"},"content":{"rendered":"<p>Atendendo a expectativa para o feriado de Finados, no \u00faltimo dia 02 de novembro, a Pol\u00edcia Rodovi\u00e1ria Federal (PRF) registrou mais uma vez muita movimenta\u00e7\u00e3o nas rodovias federais pernambucanas durante o feriad\u00e3o. A Opera\u00e7\u00e3o Finados, lan\u00e7ada na quarta (1\u00ba), se encerrou neste domingo (05) e os dados mostram redu\u00e7\u00e3o no n\u00famero de mortes e ainda muitos motoristas desobedecendo \u00e0s leis de tr\u00e2nsito.<\/p>\n<p>Com refor\u00e7o no efetivo e com fiscaliza\u00e7\u00f5es mais assertivas em pontos considerados de maior probabilidade de colis\u00f5es e criminalidade, a PRF registrou, durante os cinco dias de opera\u00e7\u00e3o, 46 sinistros de tr\u00e2nsito, que resultaram em 58 pessoas feridas e uma morte. O sinistro fatal ocorreu na sexta (03), no km 70 da BR-101, em Recife, e vitimou um motociclista. O jovem de 21 anos conduzia a moto, perdeu o controle da dire\u00e7\u00e3o, caiu e acabou sendo atingido por um autom\u00f3vel. Na \u00faltima opera\u00e7\u00e3o, a Nossa Senhora Aparecida, realizada de 11 a 15 de outubro, a PRF registrou 45 sinistros, 53 feridos e duas mortes.<\/p>\n<p>Nas abordagens durante o feriad\u00e3o, a PRF observou se os condutores respeitavam cuidados b\u00e1sicos de seguran\u00e7a que preservam vidas. A institui\u00e7\u00e3o apostou ainda no emprego refor\u00e7ado do Grupo de Motociclismo T\u00e1tico para a fiscaliza\u00e7\u00e3o dos motociclistas, maiores v\u00edtimas do tr\u00e2nsito de acordo com dados da institui\u00e7\u00e3o. Pelo n\u00e3o uso do capacete por condutores e passageiros de motos, foram emitidos 46 autos de infra\u00e7\u00e3o.<\/p>\n<p>No ranking das infra\u00e7\u00f5es mais cometidas nas BRs do estado durante a Opera\u00e7\u00e3o finados est\u00e3o as ultrapassagens indevidas (140), o n\u00e3o uso do cinto de seguran\u00e7a (120), alcoolemia ao volante (30), a desobedi\u00eancia ao descanso obrigat\u00f3rio por parte dos motoristas profissionais (69) e a falta da cadeirinha (18). O excesso de velocidade merece destaque. Com refor\u00e7o nesse tipo de fiscaliza\u00e7\u00e3o, a PRF chegou a flagrar com o radar fotogr\u00e1fico 549 motoristas dirigindo al\u00e9m da velocidade estabelecida pela via.<\/p>\n<p>A\u00e7\u00f5es educativas e de direitos humanos sensibilizaram mais de 1,3 mil motoristas e passageiros, alertando sobre o papel de cada um na seguran\u00e7a do tr\u00e2nsito. No total, cerca de 6,2 mil ve\u00edculos e 6,4 mil pessoas foram fiscalizadas. Mais de 1,7 mil testes do \u201cbaf\u00f4metro\u201d foram aplicados. A PRF registrou ainda 92 aux\u00edlios a usu\u00e1rios que precisaram dos agentes por problemas na viagem, a exemplo das panes mec\u00e2nicas. Por diversos tipos de irregularidades, 202 ve\u00edculos tiveram que ser recolhidos.<br \/>\nFoto: Divulga\u00e7\u00e3o\/PRF<\/p>\n<p>Siga o Instagram do Blog @blogdoedvaldomagalhaes<br \/>\nSe inscreva no canal do Blog no You Tube<\/p>\n","protected":false},"excerpt":{"rendered":"<p>Atendendo a expectativa para o feriado de Finados, no \u00faltimo dia 02 de novembro, a Pol\u00edcia Rodovi\u00e1ria Federal (PRF) registrou&hellip;<\/p>\n","protected":false},"author":1,"featured_media":102592,"comment_status":"closed","ping_status":"open","sticky":false,"template":"","format":"standard","meta":{"footnotes":""},"categories":[14120],"tags":[28803,2,28801,3406,29032],"class_list":["post-102591","post","type-post","status-publish","format-standard","has-post-thumbnail","hentry","category-noticias","tag-blog-com-mais-visualizacoes","tag-blog-do-edvaldo-magalhaes","tag-blog-mais-acessado","tag-caruaru","tag-motoristas-multados-por-ultrapassagens-indevidas-nao-uso-do-cinto-de-seguranca-e-alcoolemia-ao-volante"],"_links":{"self":[{"href":"https:\/\/blogdoedvaldomagalhaes.com.br\/index.php\/wp-json\/wp\/v2\/posts\/102591","targetHints":{"allow":["GET"]}}],"collection":[{"href":"https:\/\/blogdoedvaldomagalhaes.com.br\/index.php\/wp-json\/wp\/v2\/posts"}],"about":[{"href":"https:\/\/blogdoedvaldomagalhaes.com.br\/index.php\/wp-json\/wp\/v2\/types\/post"}],"author":[{"embeddable":true,"href":"https:\/\/blogdoedvaldomagalhaes.com.br\/index.php\/wp-json\/wp\/v2\/users\/1"}],"replies":[{"embeddable":true,"href":"https:\/\/blogdoedvaldomagalhaes.com.br\/index.php\/wp-json\/wp\/v2\/comments?post=102591"}],"version-history":[{"count":1,"href":"https:\/\/blogdoedvaldomagalhaes.com.br\/index.php\/wp-json\/wp\/v2\/posts\/102591\/revisions"}],"predecessor-version":[{"id":102593,"href":"https:\/\/blogdoedvaldomagalhaes.com.br\/index.php\/wp-json\/wp\/v2\/posts\/102591\/revisions\/102593"}],"wp:featuredmedia":[{"embeddable":true,"href":"https:\/\/blogdoedvaldomagalhaes.com.br\/index.php\/wp-json\/wp\/v2\/media\/102592"}],"wp:attachment":[{"href":"https:\/\/blogdoedvaldomagalhaes.com.br\/index.php\/wp-json\/wp\/v2\/media?parent=102591"}],"wp:term":[{"taxonomy":"category","embeddable":true,"href":"https:\/\/blogdoedvaldomagalhaes.com.br\/index.php\/wp-json\/wp\/v2\/categories?post=102591"},{"taxonomy":"post_tag","embeddable":true,"href":"https:\/\/blogdoedvaldomagalhaes.com.br\/index.php\/wp-json\/wp\/v2\/tags?post=102591"}],"curies":[{"name":"wp","href":"https:\/\/api.w.org\/{rel}","templated":true}]}}