{"id":102588,"date":"2023-11-06T11:29:54","date_gmt":"2023-11-06T14:29:54","guid":{"rendered":"https:\/\/blogdoedvaldomagalhaes.com.br\/?p=102588"},"modified":"2023-11-06T11:29:55","modified_gmt":"2023-11-06T14:29:55","slug":"pm-prende-04-passageiros-em-carro-de-aplicativo-com-tres-armas-de-fogo","status":"publish","type":"post","link":"https:\/\/blogdoedvaldomagalhaes.com.br\/index.php\/2023\/11\/06\/pm-prende-04-passageiros-em-carro-de-aplicativo-com-tres-armas-de-fogo\/","title":{"rendered":"PM prende 04  passageiros em carro de aplicativo com tr\u00eas armas de fogo"},"content":{"rendered":"\n<p><\/p>\n\n\n\n<p><\/p>\n\n\n<p>Policiais militares do 1\u00ba BPM, na tarde de domingo (05), abordaram na BR 101, em Timb\u00f3, Abreu e Lima, um ve\u00edculo de aplicativo, com quatro passageiros, os quais estavam de posse de tr\u00eas armas de fogo. Segundo den\u00fancia, os indiv\u00edduos sa\u00edram do bairro do Jord\u00e3o no Recife, para efetuar assaltos na \u00e1rea da ilha Itamarac\u00e1.<\/p>\n<p>Quando indagados, eles negaram os supostos assaltos, por\u00e9m admitiram que estavam portando as armas para defenderem um deles, que estava portando uma tornozeleira eletr\u00f4nica, contra poss\u00edveis ataques de inimigos. Dentre os suspeitos,  dois respondem por outros crimes.  Na ocasi\u00e3o, foram apreendidos dois rev\u00f3lveres cal. 38, onze muni\u00e7\u00f5es do mesmo calibre; um rev\u00f3lver cal. 32, cinco muni\u00e7\u00f5es do mesmo calibre; al\u00e9m de dois aparelhos celulares. A ocorr\u00eancia foi conduzida \u00e0 DP de Paulista para serem tomadas as medidas cab\u00edveis.<br \/>\nFoto: Divulga\u00e7\u00e3o\/PMPE.<\/p>\n<p>Siga o Instagram do Blog @blogdoedvaldomagalhaes<br \/>\nSe inscreva no canal do Blog no You Tube<\/p>","protected":false},"excerpt":{"rendered":"<p>Policiais militares do 1\u00ba BPM, na tarde de domingo (05), abordaram na BR 101, em Timb\u00f3, Abreu e Lima, um&hellip;<\/p>\n","protected":false},"author":1,"featured_media":102589,"comment_status":"closed","ping_status":"open","sticky":false,"template":"","format":"standard","meta":{"footnotes":""},"categories":[14121],"tags":[28803,2,28801,3406,29031],"class_list":["post-102588","post","type-post","status-publish","format-standard","has-post-thumbnail","hentry","category-policial","tag-blog-com-mais-visualizacoes","tag-blog-do-edvaldo-magalhaes","tag-blog-mais-acessado","tag-caruaru","tag-pm-prende-04-passageiros-em-carro-de-aplicativo-com-tres-armas-de-fogo"],"_links":{"self":[{"href":"https:\/\/blogdoedvaldomagalhaes.com.br\/index.php\/wp-json\/wp\/v2\/posts\/102588","targetHints":{"allow":["GET"]}}],"collection":[{"href":"https:\/\/blogdoedvaldomagalhaes.com.br\/index.php\/wp-json\/wp\/v2\/posts"}],"about":[{"href":"https:\/\/blogdoedvaldomagalhaes.com.br\/index.php\/wp-json\/wp\/v2\/types\/post"}],"author":[{"embeddable":true,"href":"https:\/\/blogdoedvaldomagalhaes.com.br\/index.php\/wp-json\/wp\/v2\/users\/1"}],"replies":[{"embeddable":true,"href":"https:\/\/blogdoedvaldomagalhaes.com.br\/index.php\/wp-json\/wp\/v2\/comments?post=102588"}],"version-history":[{"count":1,"href":"https:\/\/blogdoedvaldomagalhaes.com.br\/index.php\/wp-json\/wp\/v2\/posts\/102588\/revisions"}],"predecessor-version":[{"id":102590,"href":"https:\/\/blogdoedvaldomagalhaes.com.br\/index.php\/wp-json\/wp\/v2\/posts\/102588\/revisions\/102590"}],"wp:featuredmedia":[{"embeddable":true,"href":"https:\/\/blogdoedvaldomagalhaes.com.br\/index.php\/wp-json\/wp\/v2\/media\/102589"}],"wp:attachment":[{"href":"https:\/\/blogdoedvaldomagalhaes.com.br\/index.php\/wp-json\/wp\/v2\/media?parent=102588"}],"wp:term":[{"taxonomy":"category","embeddable":true,"href":"https:\/\/blogdoedvaldomagalhaes.com.br\/index.php\/wp-json\/wp\/v2\/categories?post=102588"},{"taxonomy":"post_tag","embeddable":true,"href":"https:\/\/blogdoedvaldomagalhaes.com.br\/index.php\/wp-json\/wp\/v2\/tags?post=102588"}],"curies":[{"name":"wp","href":"https:\/\/api.w.org\/{rel}","templated":true}]}}