{"id":102585,"date":"2023-11-05T20:40:50","date_gmt":"2023-11-05T23:40:50","guid":{"rendered":"https:\/\/blogdoedvaldomagalhaes.com.br\/?p=102585"},"modified":"2023-11-05T20:40:51","modified_gmt":"2023-11-05T23:40:51","slug":"veiculo-roubado-e-recuperado-pela-guarda-municipal-de-caruaru","status":"publish","type":"post","link":"https:\/\/blogdoedvaldomagalhaes.com.br\/index.php\/2023\/11\/05\/veiculo-roubado-e-recuperado-pela-guarda-municipal-de-caruaru\/","title":{"rendered":"Ve\u00edculo roubado \u00e9 recuperado pela Guarda Municipal de Caruaru"},"content":{"rendered":"<p>Na tarde deste deste domingo (05), a equipe da Guarda Municipal de Caruaru (GM), estava realizando rondas pelos bairros da Capital do Agreste. Ap\u00f3s consulta no sistema, identificou um carro com restri\u00e7\u00e3o de roubo\/furto. O ve\u00edculo estava na rua Pac\u00edfico, no bairro Santa Rosa.<\/p>\n<p>A GM solicitou o guincho e entregou o ve\u00edculo \u00e0 Delegacia de Plant\u00e3o para as provid\u00eancias cab\u00edveis. Foto: Divulga\u00e7\u00e3o\/PMPE<\/p>\n<p>Siga o Instagram do Blog @blogdoedvaldomagalhaes<br \/>\nSe inscreva no canal do Blog no You Tube<\/p>\n","protected":false},"excerpt":{"rendered":"<p>Na tarde deste deste domingo (05), a equipe da Guarda Municipal de Caruaru (GM), estava realizando rondas pelos bairros da&hellip;<\/p>\n","protected":false},"author":1,"featured_media":102586,"comment_status":"closed","ping_status":"open","sticky":false,"template":"","format":"standard","meta":{"footnotes":""},"categories":[14120],"tags":[28803,2,28801,3406,29030],"class_list":["post-102585","post","type-post","status-publish","format-standard","has-post-thumbnail","hentry","category-noticias","tag-blog-com-mais-visualizacoes","tag-blog-do-edvaldo-magalhaes","tag-blog-mais-acessado","tag-caruaru","tag-veiculo-roubado-e-recuperado-pela-guarda-municipal-de-caruaru"],"_links":{"self":[{"href":"https:\/\/blogdoedvaldomagalhaes.com.br\/index.php\/wp-json\/wp\/v2\/posts\/102585","targetHints":{"allow":["GET"]}}],"collection":[{"href":"https:\/\/blogdoedvaldomagalhaes.com.br\/index.php\/wp-json\/wp\/v2\/posts"}],"about":[{"href":"https:\/\/blogdoedvaldomagalhaes.com.br\/index.php\/wp-json\/wp\/v2\/types\/post"}],"author":[{"embeddable":true,"href":"https:\/\/blogdoedvaldomagalhaes.com.br\/index.php\/wp-json\/wp\/v2\/users\/1"}],"replies":[{"embeddable":true,"href":"https:\/\/blogdoedvaldomagalhaes.com.br\/index.php\/wp-json\/wp\/v2\/comments?post=102585"}],"version-history":[{"count":1,"href":"https:\/\/blogdoedvaldomagalhaes.com.br\/index.php\/wp-json\/wp\/v2\/posts\/102585\/revisions"}],"predecessor-version":[{"id":102587,"href":"https:\/\/blogdoedvaldomagalhaes.com.br\/index.php\/wp-json\/wp\/v2\/posts\/102585\/revisions\/102587"}],"wp:featuredmedia":[{"embeddable":true,"href":"https:\/\/blogdoedvaldomagalhaes.com.br\/index.php\/wp-json\/wp\/v2\/media\/102586"}],"wp:attachment":[{"href":"https:\/\/blogdoedvaldomagalhaes.com.br\/index.php\/wp-json\/wp\/v2\/media?parent=102585"}],"wp:term":[{"taxonomy":"category","embeddable":true,"href":"https:\/\/blogdoedvaldomagalhaes.com.br\/index.php\/wp-json\/wp\/v2\/categories?post=102585"},{"taxonomy":"post_tag","embeddable":true,"href":"https:\/\/blogdoedvaldomagalhaes.com.br\/index.php\/wp-json\/wp\/v2\/tags?post=102585"}],"curies":[{"name":"wp","href":"https:\/\/api.w.org\/{rel}","templated":true}]}}