{"id":102577,"date":"2023-11-05T16:01:33","date_gmt":"2023-11-05T19:01:33","guid":{"rendered":"https:\/\/blogdoedvaldomagalhaes.com.br\/?p=102577"},"modified":"2023-11-05T16:01:33","modified_gmt":"2023-11-05T19:01:33","slug":"guarda-municipal-e-central-integrada-de-monitoramento-recuperam-moto-furtada-em-caruaru","status":"publish","type":"post","link":"https:\/\/blogdoedvaldomagalhaes.com.br\/index.php\/2023\/11\/05\/guarda-municipal-e-central-integrada-de-monitoramento-recuperam-moto-furtada-em-caruaru\/","title":{"rendered":"Guarda Municipal e Central Integrada de Monitoramento recuperam moto furtada em Caruaru"},"content":{"rendered":"<p>Na madrugada deste domingo (05), a Guarda Municipal de Caruaru (GM), por meio das imagens das c\u00e2meras da Central Integrada de Monitoramento (CIM), identificou um homem furtando uma moto pr\u00f3ximo \u00e0 Pra\u00e7a do Ros\u00e1rio.<\/p>\n<p>Com as imagens e caracter\u00edsticas do suspeito, a equipe da GM realizou acompanhamento t\u00e1tico e encontrou o homem com o ve\u00edculo furtado na rua S\u00e3o Sebasti\u00e3o.<\/p>\n<p>O suspeito foi preso e conduzido \u00e0 Delegacia de Plant\u00e3o para as provid\u00eancias cab\u00edveis. Foto: Divulga\u00e7\u00e3o\/PMPE<\/p>\n<p>Siga o Instagram do Blog para comentar @blogdoedvaldomagalhaes<br \/>\nSe inscreva no canal do Blog no You Tube<\/p>\n","protected":false},"excerpt":{"rendered":"<p>Na madrugada deste domingo (05), a Guarda Municipal de Caruaru (GM), por meio das imagens das c\u00e2meras da Central Integrada&hellip;<\/p>\n","protected":false},"author":1,"featured_media":102578,"comment_status":"closed","ping_status":"open","sticky":false,"template":"","format":"standard","meta":{"footnotes":""},"categories":[14121],"tags":[28803,2,28801,3406,29028],"class_list":["post-102577","post","type-post","status-publish","format-standard","has-post-thumbnail","hentry","category-policial","tag-blog-com-mais-visualizacoes","tag-blog-do-edvaldo-magalhaes","tag-blog-mais-acessado","tag-caruaru","tag-guarda-municipal-e-central-integrada-de-monitoramento-recuperam-moto-furtada-em-caruaru"],"_links":{"self":[{"href":"https:\/\/blogdoedvaldomagalhaes.com.br\/index.php\/wp-json\/wp\/v2\/posts\/102577","targetHints":{"allow":["GET"]}}],"collection":[{"href":"https:\/\/blogdoedvaldomagalhaes.com.br\/index.php\/wp-json\/wp\/v2\/posts"}],"about":[{"href":"https:\/\/blogdoedvaldomagalhaes.com.br\/index.php\/wp-json\/wp\/v2\/types\/post"}],"author":[{"embeddable":true,"href":"https:\/\/blogdoedvaldomagalhaes.com.br\/index.php\/wp-json\/wp\/v2\/users\/1"}],"replies":[{"embeddable":true,"href":"https:\/\/blogdoedvaldomagalhaes.com.br\/index.php\/wp-json\/wp\/v2\/comments?post=102577"}],"version-history":[{"count":1,"href":"https:\/\/blogdoedvaldomagalhaes.com.br\/index.php\/wp-json\/wp\/v2\/posts\/102577\/revisions"}],"predecessor-version":[{"id":102579,"href":"https:\/\/blogdoedvaldomagalhaes.com.br\/index.php\/wp-json\/wp\/v2\/posts\/102577\/revisions\/102579"}],"wp:featuredmedia":[{"embeddable":true,"href":"https:\/\/blogdoedvaldomagalhaes.com.br\/index.php\/wp-json\/wp\/v2\/media\/102578"}],"wp:attachment":[{"href":"https:\/\/blogdoedvaldomagalhaes.com.br\/index.php\/wp-json\/wp\/v2\/media?parent=102577"}],"wp:term":[{"taxonomy":"category","embeddable":true,"href":"https:\/\/blogdoedvaldomagalhaes.com.br\/index.php\/wp-json\/wp\/v2\/categories?post=102577"},{"taxonomy":"post_tag","embeddable":true,"href":"https:\/\/blogdoedvaldomagalhaes.com.br\/index.php\/wp-json\/wp\/v2\/tags?post=102577"}],"curies":[{"name":"wp","href":"https:\/\/api.w.org\/{rel}","templated":true}]}}