{"id":102574,"date":"2023-11-05T15:20:33","date_gmt":"2023-11-05T18:20:33","guid":{"rendered":"https:\/\/blogdoedvaldomagalhaes.com.br\/?p=102574"},"modified":"2023-11-05T16:57:20","modified_gmt":"2023-11-05T19:57:20","slug":"pm-e-assassinado-apos-briga-por-vaga-de-estacionamento-e-suspeito-do-crime-e-policial-civil","status":"publish","type":"post","link":"https:\/\/blogdoedvaldomagalhaes.com.br\/index.php\/2023\/11\/05\/pm-e-assassinado-apos-briga-por-vaga-de-estacionamento-e-suspeito-do-crime-e-policial-civil\/","title":{"rendered":"PM \u00e9 assassinado ap\u00f3s briga por vaga de estacionamento e suspeito do crime \u00e9 policial civil"},"content":{"rendered":"<p>Por volta das 7h da manh\u00e3 deste domingo (04.11), aconteceu uma briga por vaga de estacionamento na frente de um supermercado na rua Hon\u00f3rio Correia, no bairro Cordeiro, Zona Oeste do Recife, e terminou em homic\u00eddio. Segundo informa\u00e7\u00f5es, o Cabo da Reserva da Pol\u00edcia Militar, Albino Ferreira Ferro Neto, de 38 anos, foi baleado, sendo socorrido para \u00a0um hospital, mas n\u00e3o resistiu ao ferimento e morreu. O suspeito, \u00e9 um policial civil de 64 anos de idade, que j\u00e1 teria se apresentado na delegacia para esclarecimentos e procedimentos cab\u00edveis. O caso est\u00e1 sendo investigado pelo Departamento \u00a0de Homic\u00eddios e Prote\u00e7\u00e3o \u00a0\u00e0 Pessoa \u00a0(DHPP).<\/p>\n<p>De acordo com informa\u00e7\u00f5es, o PM teria se envolvido em uma briga por causa de uma vaga de estacionamento. Ainda segundo informa\u00e7\u00f5es, o cabo deu um tapa no rosto de um comiss\u00e1rio da Pol\u00edcia Civil, que revidou com um disparo de arma de fogo no abd\u00f4men do PM. A Pol\u00edcia Civil informou informou em nota que \u201cmais informa\u00e7\u00f5es n\u00e3o podem ser repassadas no momento para n\u00e3o atrapalhar o curso das investiga\u00e7\u00f5es\u201d.<\/p>\n<p>Foto: Reprodu\u00e7\u00e3o\/WhatsApp.<\/p>\n<p>Siga o Instagram do Blog para comentar @blogdoedvaldomagalhaes<\/p>\n<p>Se inscreva no canal do Blog no YouTube<\/p>\n","protected":false},"excerpt":{"rendered":"<p>Por volta das 7h da manh\u00e3 deste domingo (04.11), aconteceu uma briga por vaga de estacionamento na frente de um&hellip;<\/p>\n","protected":false},"author":1,"featured_media":102575,"comment_status":"closed","ping_status":"open","sticky":false,"template":"","format":"standard","meta":{"footnotes":""},"categories":[14121],"tags":[28803,2,28801,3406,5448,29027],"class_list":["post-102574","post","type-post","status-publish","format-standard","has-post-thumbnail","hentry","category-policial","tag-blog-com-mais-visualizacoes","tag-blog-do-edvaldo-magalhaes","tag-blog-mais-acessado","tag-caruaru","tag-homicidio","tag-pm-e-assassinado-apos-discussao-por-vaga-de-estacionamento-e-suspeito-do-crime-e-policial-civil"],"_links":{"self":[{"href":"https:\/\/blogdoedvaldomagalhaes.com.br\/index.php\/wp-json\/wp\/v2\/posts\/102574","targetHints":{"allow":["GET"]}}],"collection":[{"href":"https:\/\/blogdoedvaldomagalhaes.com.br\/index.php\/wp-json\/wp\/v2\/posts"}],"about":[{"href":"https:\/\/blogdoedvaldomagalhaes.com.br\/index.php\/wp-json\/wp\/v2\/types\/post"}],"author":[{"embeddable":true,"href":"https:\/\/blogdoedvaldomagalhaes.com.br\/index.php\/wp-json\/wp\/v2\/users\/1"}],"replies":[{"embeddable":true,"href":"https:\/\/blogdoedvaldomagalhaes.com.br\/index.php\/wp-json\/wp\/v2\/comments?post=102574"}],"version-history":[{"count":2,"href":"https:\/\/blogdoedvaldomagalhaes.com.br\/index.php\/wp-json\/wp\/v2\/posts\/102574\/revisions"}],"predecessor-version":[{"id":102581,"href":"https:\/\/blogdoedvaldomagalhaes.com.br\/index.php\/wp-json\/wp\/v2\/posts\/102574\/revisions\/102581"}],"wp:featuredmedia":[{"embeddable":true,"href":"https:\/\/blogdoedvaldomagalhaes.com.br\/index.php\/wp-json\/wp\/v2\/media\/102575"}],"wp:attachment":[{"href":"https:\/\/blogdoedvaldomagalhaes.com.br\/index.php\/wp-json\/wp\/v2\/media?parent=102574"}],"wp:term":[{"taxonomy":"category","embeddable":true,"href":"https:\/\/blogdoedvaldomagalhaes.com.br\/index.php\/wp-json\/wp\/v2\/categories?post=102574"},{"taxonomy":"post_tag","embeddable":true,"href":"https:\/\/blogdoedvaldomagalhaes.com.br\/index.php\/wp-json\/wp\/v2\/tags?post=102574"}],"curies":[{"name":"wp","href":"https:\/\/api.w.org\/{rel}","templated":true}]}}