{"id":102571,"date":"2023-11-05T13:50:22","date_gmt":"2023-11-05T16:50:22","guid":{"rendered":"https:\/\/blogdoedvaldomagalhaes.com.br\/?p=102571"},"modified":"2023-11-05T13:55:56","modified_gmt":"2023-11-05T16:55:56","slug":"pm-apreende-arma-municoes-e-latas-de-lolo-em-barbearia","status":"publish","type":"post","link":"https:\/\/blogdoedvaldomagalhaes.com.br\/index.php\/2023\/11\/05\/pm-apreende-arma-municoes-e-latas-de-lolo-em-barbearia\/","title":{"rendered":"PM apreende arma, muni\u00e7\u00f5es e latas de lol\u00f3 em barbearia"},"content":{"rendered":"<p>No s\u00e1bado (04), na Rua Claudino dos Santos, em Afogados, policiais militares do BPRp realizaram uma opera\u00e7\u00e3o ap\u00f3s receberem den\u00fancias a respeito de uma barbearia que servia como base de armazenamento de armas e tr\u00e1fico de entorpecentes.<\/p>\n<p>A fim de verificar a veracidade de den\u00fancia, a equipe policial fez deslocamento at\u00e9 o local, onde se deparou com o suspeito, que ao avistar o policiamento demonstrou nervosismo e logo confessou ter em sua posse, na barbearia, uma espingarda calibre 12 embaixo da pia. Al\u00e9m de seis muni\u00e7\u00f5es de mesmo calibre, dez muni\u00e7\u00f5es calibre .38 e sete latas de lol\u00f3.<\/p>\n<p>Diante dos fatos, a ocorr\u00eancia foi conduzida para a CEPLANC para que fossem tomadas as medidas judici\u00e1rias cab\u00edveis. Foto: Divulga\u00e7\u00e3o\/PMPE.<\/p>\n<p>Siga o Instagram do Blog para comentar @blogdoedvaldomagalhaes<br \/>\nSe inscreva no canal do Blog no You Tube<\/p>\n","protected":false},"excerpt":{"rendered":"<p>No s\u00e1bado (04), na Rua Claudino dos Santos, em Afogados, policiais militares do BPRp realizaram uma opera\u00e7\u00e3o ap\u00f3s receberem den\u00fancias&hellip;<\/p>\n","protected":false},"author":1,"featured_media":102573,"comment_status":"closed","ping_status":"open","sticky":false,"template":"","format":"standard","meta":{"footnotes":""},"categories":[14121],"tags":[28803,2,28801,3406,29026],"class_list":["post-102571","post","type-post","status-publish","format-standard","has-post-thumbnail","hentry","category-policial","tag-blog-com-mais-visualizacoes","tag-blog-do-edvaldo-magalhaes","tag-blog-mais-acessado","tag-caruaru","tag-pm-apreende-arma-municoes-e-latas-de-lolo-em-barbearia"],"_links":{"self":[{"href":"https:\/\/blogdoedvaldomagalhaes.com.br\/index.php\/wp-json\/wp\/v2\/posts\/102571","targetHints":{"allow":["GET"]}}],"collection":[{"href":"https:\/\/blogdoedvaldomagalhaes.com.br\/index.php\/wp-json\/wp\/v2\/posts"}],"about":[{"href":"https:\/\/blogdoedvaldomagalhaes.com.br\/index.php\/wp-json\/wp\/v2\/types\/post"}],"author":[{"embeddable":true,"href":"https:\/\/blogdoedvaldomagalhaes.com.br\/index.php\/wp-json\/wp\/v2\/users\/1"}],"replies":[{"embeddable":true,"href":"https:\/\/blogdoedvaldomagalhaes.com.br\/index.php\/wp-json\/wp\/v2\/comments?post=102571"}],"version-history":[{"count":1,"href":"https:\/\/blogdoedvaldomagalhaes.com.br\/index.php\/wp-json\/wp\/v2\/posts\/102571\/revisions"}],"predecessor-version":[{"id":102572,"href":"https:\/\/blogdoedvaldomagalhaes.com.br\/index.php\/wp-json\/wp\/v2\/posts\/102571\/revisions\/102572"}],"wp:featuredmedia":[{"embeddable":true,"href":"https:\/\/blogdoedvaldomagalhaes.com.br\/index.php\/wp-json\/wp\/v2\/media\/102573"}],"wp:attachment":[{"href":"https:\/\/blogdoedvaldomagalhaes.com.br\/index.php\/wp-json\/wp\/v2\/media?parent=102571"}],"wp:term":[{"taxonomy":"category","embeddable":true,"href":"https:\/\/blogdoedvaldomagalhaes.com.br\/index.php\/wp-json\/wp\/v2\/categories?post=102571"},{"taxonomy":"post_tag","embeddable":true,"href":"https:\/\/blogdoedvaldomagalhaes.com.br\/index.php\/wp-json\/wp\/v2\/tags?post=102571"}],"curies":[{"name":"wp","href":"https:\/\/api.w.org\/{rel}","templated":true}]}}