{"id":102565,"date":"2023-11-04T21:21:09","date_gmt":"2023-11-05T00:21:09","guid":{"rendered":"https:\/\/blogdoedvaldomagalhaes.com.br\/?p=102565"},"modified":"2023-11-04T22:30:50","modified_gmt":"2023-11-05T01:30:50","slug":"fumaca-na-pista-tira-visibilidade-de-motoristas-e-causa-colisao-entre-carros-e-moto","status":"publish","type":"post","link":"https:\/\/blogdoedvaldomagalhaes.com.br\/index.php\/2023\/11\/04\/fumaca-na-pista-tira-visibilidade-de-motoristas-e-causa-colisao-entre-carros-e-moto\/","title":{"rendered":"Fuma\u00e7a na pista tira visibilidade de motoristas e causa colis\u00e3o entre carros e moto"},"content":{"rendered":"<p>Por volta das 13h15, a PRF foi acionada para atender um sinistro no km 4,9 da BR 101, em Goiana, no sentido Recife.<\/p>\n<p>Havia fuma\u00e7a na rodovia devido a um inc\u00eandio na vegeta\u00e7\u00e3o que fica \u00e0s margens da pista, quando ocorreu a colis\u00e3o entre uma Kombi, uma motocicleta e dois carros (Uno e Classic).<\/p>\n<p>Um homem, uma mulher e uma crian\u00e7a que estavam no Uno ficaram feridos e foram encaminhados ao Hospital de Goiana.<\/p>\n<p>Os outros tr\u00eas condutores n\u00e3o se feriram. Eles realizaram o teste do baf\u00f4metro e o resultado foi normal.<br \/>\nFoto: Divulga\u00e7\u00e3o\/PRF.<\/p>\n<p>Siga o Instagram do Blog @blogdoedvaldomagalhaes<br \/>\nSe inscreva no canal do Blog no You Tube<\/p>\n","protected":false},"excerpt":{"rendered":"<p>Por volta das 13h15, a PRF foi acionada para atender um sinistro no km 4,9 da BR 101, em Goiana,&hellip;<\/p>\n","protected":false},"author":1,"featured_media":102566,"comment_status":"closed","ping_status":"open","sticky":false,"template":"","format":"standard","meta":{"footnotes":""},"categories":[14120],"tags":[28803,2,28801,3406,29024],"class_list":["post-102565","post","type-post","status-publish","format-standard","has-post-thumbnail","hentry","category-noticias","tag-blog-com-mais-visualizacoes","tag-blog-do-edvaldo-magalhaes","tag-blog-mais-acessado","tag-caruaru","tag-fumaca-na-pista-tira-visibilidade-de-motoristas-e-causa-colisao-entre-carros-e-moto"],"_links":{"self":[{"href":"https:\/\/blogdoedvaldomagalhaes.com.br\/index.php\/wp-json\/wp\/v2\/posts\/102565","targetHints":{"allow":["GET"]}}],"collection":[{"href":"https:\/\/blogdoedvaldomagalhaes.com.br\/index.php\/wp-json\/wp\/v2\/posts"}],"about":[{"href":"https:\/\/blogdoedvaldomagalhaes.com.br\/index.php\/wp-json\/wp\/v2\/types\/post"}],"author":[{"embeddable":true,"href":"https:\/\/blogdoedvaldomagalhaes.com.br\/index.php\/wp-json\/wp\/v2\/users\/1"}],"replies":[{"embeddable":true,"href":"https:\/\/blogdoedvaldomagalhaes.com.br\/index.php\/wp-json\/wp\/v2\/comments?post=102565"}],"version-history":[{"count":1,"href":"https:\/\/blogdoedvaldomagalhaes.com.br\/index.php\/wp-json\/wp\/v2\/posts\/102565\/revisions"}],"predecessor-version":[{"id":102567,"href":"https:\/\/blogdoedvaldomagalhaes.com.br\/index.php\/wp-json\/wp\/v2\/posts\/102565\/revisions\/102567"}],"wp:featuredmedia":[{"embeddable":true,"href":"https:\/\/blogdoedvaldomagalhaes.com.br\/index.php\/wp-json\/wp\/v2\/media\/102566"}],"wp:attachment":[{"href":"https:\/\/blogdoedvaldomagalhaes.com.br\/index.php\/wp-json\/wp\/v2\/media?parent=102565"}],"wp:term":[{"taxonomy":"category","embeddable":true,"href":"https:\/\/blogdoedvaldomagalhaes.com.br\/index.php\/wp-json\/wp\/v2\/categories?post=102565"},{"taxonomy":"post_tag","embeddable":true,"href":"https:\/\/blogdoedvaldomagalhaes.com.br\/index.php\/wp-json\/wp\/v2\/tags?post=102565"}],"curies":[{"name":"wp","href":"https:\/\/api.w.org\/{rel}","templated":true}]}}