{"id":102556,"date":"2023-11-04T18:36:43","date_gmt":"2023-11-04T21:36:43","guid":{"rendered":"https:\/\/blogdoedvaldomagalhaes.com.br\/?p=102556"},"modified":"2023-11-04T20:47:42","modified_gmt":"2023-11-04T23:47:42","slug":"homem-assassinado-e-filha-da-vitima-baleada-em-caruaru","status":"publish","type":"post","link":"https:\/\/blogdoedvaldomagalhaes.com.br\/index.php\/2023\/11\/04\/homem-assassinado-e-filha-da-vitima-baleada-em-caruaru\/","title":{"rendered":"Homem assassinado e filha da v\u00edtima baleada em Caruaru"},"content":{"rendered":"<p>Segundo homic\u00eddio registrado neste s\u00e1bado (04.11), em Caruaru. A v\u00edtima Valdemir Para\u00edso Santana, 34 anos, estava em uma motocicleta de placa OYL 5314-Caruaru, rua Carneiro Vilela, no bairro Salgado, quando ocorreu o crime. <span style=\"font-size: revert;\">Segundo <\/span><span style=\"font-size: revert;\">informa\u00e7\u00f5es ele estava com a esposa e a filha no momento que os criminosos efetuaram v\u00e1rios disparos de arma de fogo. Uma crian\u00e7a foi atingida por um dos disparos. Uma equipe do SAMU realizou os primeiros atendimentos e depois ela foi levada para o Hospital Regional do Agreste (HRA).<\/span><\/p>\n<p>Este foi o terceiro homic\u00eddio no m\u00eas de novembro, e o 111\u2022 no ano de 2023, em Caruaru.<\/p>\n","protected":false},"excerpt":{"rendered":"<p>Segundo homic\u00eddio registrado neste s\u00e1bado (04.11), em Caruaru. A v\u00edtima Valdemir Para\u00edso Santana, 34 anos, estava em uma motocicleta de&hellip;<\/p>\n","protected":false},"author":1,"featured_media":102558,"comment_status":"closed","ping_status":"open","sticky":false,"template":"","format":"standard","meta":{"footnotes":""},"categories":[14121],"tags":[28803,2,28801,29023,5448],"class_list":["post-102556","post","type-post","status-publish","format-standard","has-post-thumbnail","hentry","category-policial","tag-blog-com-mais-visualizacoes","tag-blog-do-edvaldo-magalhaes","tag-blog-mais-acessado","tag-homem-assassinado-e-filha-da-vitima-baleada-em-caruaru","tag-homicidio"],"_links":{"self":[{"href":"https:\/\/blogdoedvaldomagalhaes.com.br\/index.php\/wp-json\/wp\/v2\/posts\/102556","targetHints":{"allow":["GET"]}}],"collection":[{"href":"https:\/\/blogdoedvaldomagalhaes.com.br\/index.php\/wp-json\/wp\/v2\/posts"}],"about":[{"href":"https:\/\/blogdoedvaldomagalhaes.com.br\/index.php\/wp-json\/wp\/v2\/types\/post"}],"author":[{"embeddable":true,"href":"https:\/\/blogdoedvaldomagalhaes.com.br\/index.php\/wp-json\/wp\/v2\/users\/1"}],"replies":[{"embeddable":true,"href":"https:\/\/blogdoedvaldomagalhaes.com.br\/index.php\/wp-json\/wp\/v2\/comments?post=102556"}],"version-history":[{"count":2,"href":"https:\/\/blogdoedvaldomagalhaes.com.br\/index.php\/wp-json\/wp\/v2\/posts\/102556\/revisions"}],"predecessor-version":[{"id":102564,"href":"https:\/\/blogdoedvaldomagalhaes.com.br\/index.php\/wp-json\/wp\/v2\/posts\/102556\/revisions\/102564"}],"wp:featuredmedia":[{"embeddable":true,"href":"https:\/\/blogdoedvaldomagalhaes.com.br\/index.php\/wp-json\/wp\/v2\/media\/102558"}],"wp:attachment":[{"href":"https:\/\/blogdoedvaldomagalhaes.com.br\/index.php\/wp-json\/wp\/v2\/media?parent=102556"}],"wp:term":[{"taxonomy":"category","embeddable":true,"href":"https:\/\/blogdoedvaldomagalhaes.com.br\/index.php\/wp-json\/wp\/v2\/categories?post=102556"},{"taxonomy":"post_tag","embeddable":true,"href":"https:\/\/blogdoedvaldomagalhaes.com.br\/index.php\/wp-json\/wp\/v2\/tags?post=102556"}],"curies":[{"name":"wp","href":"https:\/\/api.w.org\/{rel}","templated":true}]}}