{"id":102549,"date":"2023-11-04T18:15:49","date_gmt":"2023-11-04T21:15:49","guid":{"rendered":"https:\/\/blogdoedvaldomagalhaes.com.br\/?p=102549"},"modified":"2023-11-04T20:42:16","modified_gmt":"2023-11-04T23:42:16","slug":"homem-e-morto-a-golpes-de-faca-e-acusado-e-preso-em-caruaru","status":"publish","type":"post","link":"https:\/\/blogdoedvaldomagalhaes.com.br\/index.php\/2023\/11\/04\/homem-e-morto-a-golpes-de-faca-e-acusado-e-preso-em-caruaru\/","title":{"rendered":"Homem \u00e9 morto a golpes de faca e acusado \u00e9 preso, em Caruaru"},"content":{"rendered":"<p>Um homic\u00eddio foi registrado nas encostas do Monte Bom Jesus, entre os bairros Centen\u00e1rio \u00a0e S\u00e3o Francisco, na tarde deste s\u00e1bado (04.11). A v\u00edtima foi Fernando Zacarias de Macedo J\u00fanior, 40 anos de idade, que residia pr\u00f3ximo do local onde foi assassinado. O acusado utilizou duas facas e foi preso em flagrante pr\u00f3ximo ao local do crime. O Samu foi acionado, mas quando chegou a v\u00edtima j\u00e1 estava em \u00f3bito. Segundo informa\u00e7\u00f5es, houve uma discuss\u00e3o entre a v\u00edtima e o acusado por causa de som alto e em seguida aconteceu o crime.<\/p>\n<p>Este foi o 2\u2022 homic\u00eddio no m\u00eas de novembro, e o 110\u2022 no ano de 2023, em Caruaru.<\/p>\n","protected":false},"excerpt":{"rendered":"<p>Um homic\u00eddio foi registrado nas encostas do Monte Bom Jesus, entre os bairros Centen\u00e1rio \u00a0e S\u00e3o Francisco, na tarde deste&hellip;<\/p>\n","protected":false},"author":1,"featured_media":102560,"comment_status":"closed","ping_status":"open","sticky":false,"template":"","format":"standard","meta":{"footnotes":""},"categories":[14121],"tags":[2,28801,3406,29022,5448],"class_list":["post-102549","post","type-post","status-publish","format-standard","has-post-thumbnail","hentry","category-policial","tag-blog-do-edvaldo-magalhaes","tag-blog-mais-acessado","tag-caruaru","tag-homem-e-assassinado-a-golpes-de-faca-apos-discussao-no-centro-de-caruaru","tag-homicidio"],"_links":{"self":[{"href":"https:\/\/blogdoedvaldomagalhaes.com.br\/index.php\/wp-json\/wp\/v2\/posts\/102549","targetHints":{"allow":["GET"]}}],"collection":[{"href":"https:\/\/blogdoedvaldomagalhaes.com.br\/index.php\/wp-json\/wp\/v2\/posts"}],"about":[{"href":"https:\/\/blogdoedvaldomagalhaes.com.br\/index.php\/wp-json\/wp\/v2\/types\/post"}],"author":[{"embeddable":true,"href":"https:\/\/blogdoedvaldomagalhaes.com.br\/index.php\/wp-json\/wp\/v2\/users\/1"}],"replies":[{"embeddable":true,"href":"https:\/\/blogdoedvaldomagalhaes.com.br\/index.php\/wp-json\/wp\/v2\/comments?post=102549"}],"version-history":[{"count":4,"href":"https:\/\/blogdoedvaldomagalhaes.com.br\/index.php\/wp-json\/wp\/v2\/posts\/102549\/revisions"}],"predecessor-version":[{"id":102562,"href":"https:\/\/blogdoedvaldomagalhaes.com.br\/index.php\/wp-json\/wp\/v2\/posts\/102549\/revisions\/102562"}],"wp:featuredmedia":[{"embeddable":true,"href":"https:\/\/blogdoedvaldomagalhaes.com.br\/index.php\/wp-json\/wp\/v2\/media\/102560"}],"wp:attachment":[{"href":"https:\/\/blogdoedvaldomagalhaes.com.br\/index.php\/wp-json\/wp\/v2\/media?parent=102549"}],"wp:term":[{"taxonomy":"category","embeddable":true,"href":"https:\/\/blogdoedvaldomagalhaes.com.br\/index.php\/wp-json\/wp\/v2\/categories?post=102549"},{"taxonomy":"post_tag","embeddable":true,"href":"https:\/\/blogdoedvaldomagalhaes.com.br\/index.php\/wp-json\/wp\/v2\/tags?post=102549"}],"curies":[{"name":"wp","href":"https:\/\/api.w.org\/{rel}","templated":true}]}}