{"id":102543,"date":"2023-11-04T10:24:58","date_gmt":"2023-11-04T13:24:58","guid":{"rendered":"https:\/\/blogdoedvaldomagalhaes.com.br\/?p=102543"},"modified":"2023-11-04T10:24:59","modified_gmt":"2023-11-04T13:24:59","slug":"confira-o-resultado-final-do-edital-de-demais-linguagens-da-lpg","status":"publish","type":"post","link":"https:\/\/blogdoedvaldomagalhaes.com.br\/index.php\/2023\/11\/04\/confira-o-resultado-final-do-edital-de-demais-linguagens-da-lpg\/","title":{"rendered":"Confira o resultado final do edital de demais linguagens da LPG"},"content":{"rendered":"<p>A Funda\u00e7\u00e3o de Cultura, divulgou o resultado final do edital de demais linguagens, da Lei Paulo Gustavo (LPG). Esta lei foi regulamentada pelo Minist\u00e9rio da Cultura e tem como objetivo apoiar os trabalhadores da \u00e1rea da cultura que foram impactados pela pandemia da Covid-19.<\/p>\n<p>Todos os documentos est\u00e3o dispon\u00edveis no site da prefeitura, por meio do link https:\/\/caruaru.pe.gov.br\/lei-paulo-gustavo\/. Confira abaixo a lista completa com os nomes dos selecionados:<\/p>\n<p>Design e moda<br \/>\n1\u00ba Ciclo de oficinas voltadas \u00e0 reutiliza\u00e7\u00e3o de materiais \u2013 Cristyanne Melo Souza (TITULAR)<br \/>\n2\u00ba Identidade Visual do Pereira do Acordeon \u2013 Edilene Leandro de Brito (TITULAR)<br \/>\n3\u00ba Mina Criativa \u2013 Ana Carolina Bernardino Garcia In\u00e1cio (TITULAR)<br \/>\n4\u00ba Arremate \u2013 Palestra\/Debate sobre a pesquisa e o livro Alinhavo \u2013 A hist\u00f3ria da moda pernambucana \u2013 Mirelly de Oliveira Silva (TITULAR)<br \/>\n5\u00ba Oficina de cria\u00e7\u00e3o de imagem de moda para redes sociais \u2013 Rebeca Karolinne da Silva Lima Fonseca (SUPLENTE)<br \/>\n6\u00ba Caruaru: Roteiro Afetivo: e-book com fotografias afetivas de Caruaru-PE \u2013 Daniele Cristina Santos Leite (SUPLENTE)<br \/>\n7\u00ba Reisado Sementes de Luz \u2013 Gabriel Bezerra Silva (SUPLENTE)<br \/>\n8\u00ba Seu Xico e Dona Chita: uma cole\u00e7\u00e3o de moda contempor\u00e2nea com enaltecimento da cultura atrav\u00e9s da valoriza\u00e7\u00e3o da chita \u2013 Elvys Presley Emanuel Marcolino de Ara\u00fajo (SUPLENTE)<br \/>\n9\u00ba Oficina de aplica\u00e7\u00f5es e bordados \u2013 Maria Jos\u00e9 Araujo da Costa (SUPLENTE)<br \/>\n10\u00ba Caruaru Eco Faschion \u2013 Mariola Produ\u00e7\u00f5es (SUPLENTE)<\/p>\n<p>Arquitetura e Urbanismo<br \/>\n1\u00ba Videoaula: Feira de Caruaru \u2013 Patrim\u00f4nio Cultural e Imaterial Brasileiro \u2013 Elma Maria Bezerra de Luna (TITULAR)<\/p>\n<p>Gastronomia<br \/>\n1\u00ba Flores comest\u00edveis na ecogastronomia do Agreste \u2013 Joyce Noelly Silva Ferreira (TITULAR)<br \/>\n2\u00ba Festival gastron\u00f4mico de terreiro de candombl\u00e9 e sabores espirituais \u2013 Flavio Cavalcanti dos Santos (TITULAR)<br \/>\n3\u00ba Projeto Acaraj\u00e9 Ancestral \u2013 Leandro Severino dos Santos (TITULAR)<\/p>\n<p>Artes pl\u00e1sticas e visuais<br \/>\n1\u00ba Aula online de pintura com Josefa \u2013 Josefa Creusa da Silva (TITULAR)<br \/>\n2\u00ba Feira Diagrama \u2013 Ana Carolina Barbosa de Carvalho (TITULAR)<br \/>\n3\u00ba Projeto Guand\u00fa: nutrindo o solo da arte no cotidiano adolescente \u2013 Joanna Caroline Ara\u00fajo Monteiro (TITULAR)<br \/>\n4\u00ba Novos imagin\u00e1rios: oficinas de proje\u00e7\u00e3o mapeada e suas aplica\u00e7\u00f5es \u2013 Felipe Correia de Lima (TITULAR)<br \/>\n5\u00ba Vivendo a arte \u2013 Katia Rosana Rodrigues Silva (SUPLENTE)<\/p>\n<p>Fotografia<br \/>\n1\u00ba Preserva\u00e7\u00e3o da mem\u00f3ria fotogr\u00e1fica \u2013 Academia Caruaruense de Cultura, Ci\u00eancias e Letras (TITULAR)<br \/>\n2\u00ba E n\u00e3o sou fot\u00f3grafo? \u2013 Natasha Pedrosa Pinheiro (TITULAR)<br \/>\n3\u00ba Minicurso de fotografia \u2013 O olhar do sil\u00eancio \u2013 Geyson Magno Torres Monteiro (TITULAR)<br \/>\n4\u00ba Modos de Ver: Fotografia do in\u00edcio ao click \u2013 Eduardo Jos\u00e9 de Menezes (TITULAR)<\/p>\n<p>*Suplentes da Fotografia:*<br \/>\n5\u00ba Caruaru: Roteiro Afetivo: e-book com fotografias afetivas de Caruaru \u2013 Daniele Cristina Santos Leite<br \/>\n6\u00ba Sob a luz do barro: oficina de fotografia e modelagem em barro \u2013 Antonio Luiz de S\u00e1 Silva<br \/>\n7\u00ba Para que n\u00e3o se acabe: exposi\u00e7\u00e3o fotogr\u00e1fica sobre a tapioca e as tapioqueiras de Caruaru \u2013 Joyce Noelly Silva Ferreira<br \/>\n8\u00ba Projeto Negro \u2013 Maria Camila Ferreira Silva<br \/>\n9\u00ba Exposi\u00e7\u00e3o Homem-P\u00e1ssaro \u2013 Antonio Luiz de S\u00e1 Silva<br \/>\n10\u00ba Mem\u00f3ria fotogr\u00e1fica de Caruaru \u2013 preservar \u00e9 preciso \u2013 Carlos Eduardo Flor\u00eancio de Lima<br \/>\n11\u00ba Fotozine na cidade: oficina de fotografia e publica\u00e7\u00f5es independentes \u2013 Ythalla Maraysa da Silva<br \/>\n12\u00ba Fotografia com celular \u2013 A arte do alcance da m\u00e3o \u2013 Carlos Eduardo Flor\u00eancio de Lima<br \/>\n13\u00ba Instantes para sempre: atrav\u00e9s das lentes, uma viv\u00eancia fotogr\u00e1fica \u2013 Rhaynara Janaina<br \/>\n14\u00ba Mem\u00f3rias em foco \u2013 Thiago Nicolau das Neves Silva<\/p>\n<p>Livros, leitura e literatura<br \/>\n1\u00ba Matul\u00e3o de palavras \u2013 entre contos e encantos agrestinos \u2013 Gabriela Kopinits dos Santos (TITULAR)<br \/>\n2\u00ba Ement\u00e1rio da legisla\u00e7\u00e3o municipal de Caruaru \u2013 Pedro Rafael Santos (TITULAR)<br \/>\n3\u00ba E-book \u2013 \u00e0s vezes um copo meio cheio, de Caroline de Oliveira \u2013 Maria Camila Ferreira Silva (TITULAR)<br \/>\n4\u00ba Oficina: Agreste\/Punk nas escolas (4\u00aa onda do cyberpunk nacional) \u2013 Iram F\u00e1bio Rodrigues Nunes<br \/>\n5\u00ba Poesia na academia \u2013 Academia Caruaruense de Cultura, Ci\u00eancias e Letras (TITULAR)<\/p>\n<p>*Suplentes de livros, leitura e literatura:*<br \/>\n6\u00ba 4\u00aa Antologia Nem tudo que h\u00e1 no mundo \u2013 Silva Barbosa<br \/>\n7\u00ba Antologia po\u00e9tica meu Caru\u00e1 D\u2019Versos \u2013 Joseni Pedro Souza<br \/>\n8\u00ba Iram Bradock &#038; O recital agreste\/punk \u2013 Iram F\u00e1bio Rodrigues Nunes<br \/>\n9\u00ba Isa\u00edas Os\u00e9ias Feitosa da Silva<br \/>\n10\u00ba E-book Inexperi\u00eancias po\u00e9ticas de Alex Camilo \u2013 Julio Cezar de Siqueira Ferreira<br \/>\n11\u00ba Conta\u00e7\u00f5es de hist\u00f3rias para acordar a crian\u00e7ada e colocar o racismo para dormir literalmente \u2013 Rafael Bezerra da Silva Farias<br \/>\n12\u00ba Narrativa biogr\u00e1fica de L\u00eddio Cavalcanti \u2013 Carmem Val\u00e9ria Saboia<br \/>\n13\u00ba Do que a boca cala e o peito chama: produ\u00e7\u00e3o e lan\u00e7amento de um livro autoral de poesias \u2013 Ana Let\u00edcia Cordeiro de Melo<br \/>\n14\u00ba Amor para depois do sempre \u2013 Agnailza Andrade Trajano<br \/>\n15\u00ba Pav\u00e3o misterioso \u2013 Uma aventura ilustrada \u2013 Amanda de Oliveira Silva<br \/>\n16\u00ba C\u00e2nticos de imortalidade \u2013 Robson Santos de Oliveira<br \/>\n17\u00ba Claridades de dentro \u2013 Jefferson Sobral Santos<br \/>\n18\u00ba Lan\u00e7amento do livro Chaves \u2013 Portas Ser\u00e3o abertas \u2013 Davi Geffson da Silva Teixeira<br \/>\n19\u00ba Mulheres vestidas de barro e os sentidos da produ\u00e7\u00e3o de mestras artes\u00e3s da comunidade do Alto do Moura em Caruaru-PE \u2013 Aldir Jos\u00e9 da Silva<br \/>\n20\u00ba V\u00e1rios olhares navegam sobre minha pele \u2013 Rafael Bezerra da Silva<br \/>\n21\u00ba Do que a boca cala e o peito chama: produ\u00e7\u00e3o e lan\u00e7amento de um livro autoral de poesias \u2013 Ana Let\u00edcia Cordeiro de Melo<br \/>\n22\u00ba M\u00e3os criativas \u2013 Sibely Barbosa do Nascimento<\/p>\n<p>Artesanato<br \/>\n1\u00ba \u201cO barro n\u00e3o cansa de ser resist\u00eancia\u201d oficinas formativas para mulheres v\u00edtimas de viol\u00eancia dom\u00e9stica de Caruaru &#8211; Cleonice Otilia da Silva (TITULAR)<br \/>\n2\u00ba Equil\u00edbrio e Simetria na Olaria &#8211; \u00c2ngelo Gon\u00e7alves Sim\u00f5es (TITULAR)<br \/>\n3\u00ba Mestre Vitalino uma hist\u00f3ria \u2013 Edneide Rodrigues Silva (TITULAR)<br \/>\n4\u00ba Avoante Atelie &#8211; Merielle Lino Lins (TITULAR)<br \/>\n5\u00ba Projeto reciclar \u00e9 reviver \u2013 Laertes Sales Ferreira (TITULAR)<br \/>\n6\u00ba 1\u00b0 Circuito de forma\u00e7\u00e3o em artes figurativas da Associa\u00e7\u00e3o de mulheres artes\u00e3s Flor do Barro: o barro, a queima e a tinta &#8211; Artesanato Associa\u00e7\u00e3o Flor do Barro (TITULAR)<br \/>\n7\u00ba Transformando Vidas: Artesanato Sustent\u00e1vel para Mulheres em Vulnerabilidade &#8211; Ingryd Emmanuelle de Lima Silva (TITULAR)<br \/>\n8\u00ba Oficina de Artesanato com Couro para Jovens em Vulnerabilidade Social &#8211; Walter Kleberson Silva (TITULAR)<br \/>\n9\u00ba EcoSab\u00e3o: Sabonetes Sustent\u00e1veis a Partir de \u00d3leo Reciclado &#8211; \u00c9vani Ferreira de Siqueira (TITULAR)<br \/>\n10\u00ba M\u00e3os Femininas: Lou\u00e7as de Brincar &#8211; Aldir Jos\u00e9 da Silva (TITULAR)<br \/>\n11\u00ba O Sopro do P\u00edfano \u2013 Clebson Campos de Alc\u00e2ntara (TITULAR)<br \/>\n12\u00ba M\u00e3es especiais &#8211; Elza Bernardino da Silva (TITULAR)<\/p>\n<p>*Lista de suplentes de artesanato:*<br \/>\n13\u00ba Alto do Moura: Modelando Tradi\u00e7\u00f5es &#8211; Transformando Ateli\u00ea em Ponto Cultura &#8211; Rafaela Linete da Silva<br \/>\n14\u00ba Arte in Vitro &#8211; Merielle Lino Lins<br \/>\n15\u00ba Aula online de pintura com Emanuely Priscila &#8211; Emanuely Priscila Maciel da Silva<br \/>\n16\u00ba Cora\u00e7\u00f5es de Iris apresenta: exposi\u00e7\u00e3o Amor em Tempos de C\u00f3lera &#8211; Iris Daniele Marcolino da Silva<br \/>\n17\u00ba Comida e Arte \u2013 Juliana Zuppardo Moreira<br \/>\n18\u00ba Artes em Barro e os Direitos Humanos: Uma Jornada Criativa &#8211; Magda Maria Miranda<br \/>\n19\u00ba Oficina de Cer\u00e2mica: Modelagem, Arte e Inclus\u00e3o no Alto do Moura &#8211; Janaina Barbosa de Melo<br \/>\n20\u00ba Arte em barro e direito humanos: moldando a mudan\u00e7a no alto do moura &#8211; Uine Meiry Da Silva<br \/>\n21\u00ba Oficina de Cer\u00e2mica com Mestre Santo Oleiro &#8211; Jos\u00e9 Alaelson Gomes da Silva<br \/>\n22\u00ba Valorizando a mulher &#8211; Katia Rosana Rodrigues Silva<br \/>\n23\u00ba Curso de Artesanato em Barro no Ateli\u00ea de Edineide &#8211; Edineide Rodrigues da Silva<br \/>\n24\u00ba Mestre Leonel do Nascimento, Vida e Viv\u00eancia no Barro: repasse de saberes a novas gera\u00e7\u00f5es no CEPA &#8211; Centro de Educa\u00e7\u00e3o Popular Assun\u00e7\u00e3o de Caruaru &#8211; Leonel do Nascimento Silva<br \/>\n25\u00ba No toque do bumba meu boi \u2013 Clebson Campos de Alc\u00e2ntara<br \/>\n26\u00ba Conflu\u00eancia: Mapeamento da cadeia produtiva das artes do barro no Alto do Moura &#8211; Humberto Di\u00f3genes Bot\u00e3o<br \/>\n27\u00ba L&#038;J Pai e Filha Artesanato &#8211; Josicleide Bezerra do Nascimento<br \/>\n28\u00ba Projeto Artes e Afetos realizados por K\u00e1tia Iris &#8211; K\u00e1tia \u00cdris Sales Ferreira do Nascimento<br \/>\n29\u00ba Ateli\u00ea da Alma do Barro: Celebrando o Artesanato no Alto do Moura &#8211; Thais Silva de Oliveira<br \/>\n30\u00ba Revitaliza\u00e7\u00e3o do Ateli\u00ea Mestre Espedito: Celebrando 65 anos de Tradi\u00e7\u00e3o em Artesanato de Barro &#8211; Espedito Sebasti\u00e3o Da Silva<br \/>\n31\u00ba Renovando Tradi\u00e7\u00f5es: Oficina de Arte em Barro e Pintura no Alto do Moura &#8211; Luciana Gomes de Araujo<br \/>\n32\u00ba \u201cRa\u00edzes da Tradi\u00e7\u00e3o\u201d &#8211; Ademilson Rodrigues<br \/>\n33\u00ba Arte em Barro e Cores: Oficina de Artesanato com Rosangela Artes\u00e3 &#8211; Rosangela Dos Santos<br \/>\n34\u00ba Wilson da Silva<br \/>\n35\u00ba Oficina de Arte em Barro e Pintura com Mestra Cicera Otilia &#8211; Cicera Otilia da Silva<br \/>\n36\u00ba Arte em Barro: Conectando Cora\u00e7\u00f5es e Culturas com Rubem Rodrigues &#8211; Rubem Rodrigues de Oliveira<br \/>\n37\u00ba Curso de introdu\u00e7\u00e3o a harmonia funcional e composi\u00e7\u00e3o &#8211; Victor Matheus Rom\u00e3o<br \/>\n38\u00ba Arte em Barro: Tradi\u00e7\u00e3o Viva no Alto do Moura &#8211; Adenildo Rodrigues da Silva<br \/>\n39\u00ba &#8220;Renova\u00e7\u00e3o e Valoriza\u00e7\u00e3o do Ateli\u00ea de Gabriel Artesanato&#8221; &#8211; Gabriel dos Santos Oliveira<br \/>\n40\u00ba Renova\u00e7\u00e3o do Ateli\u00ea de Adrieje: Celebrando o Artesanato em Barro do Alto do Moura &#8211; Adrieje Stefani Da Silva Santos<br \/>\n41\u00ba Ateli\u00ea de Barro Rosimere: Celebrando a Arte do Alto do Moura &#8211; Rosimere Domingos Da Silva<br \/>\n42\u00ba Aula online de Barro \u2013 Renata Maria de Souza<br \/>\n43\u00ba Oficinas de Cer\u00e2mica Artesanal: Moldando a Criatividade no Ateli\u00ea da Artes\u00e3 do Barro &#8211; Taciana Linete Da Silva<br \/>\n44\u00ba Curso de Artesanato em Barro e Direitos Humanos &#8211; Bruno Ant\u00f4nio da Silva<br \/>\n45\u00ba Ateli\u00ea Barro &#038; Arte: Revitalizando Tradi\u00e7\u00f5es no Alto do Moura &#8211; Jandira Rodrigues Da Silva<br \/>\n46\u00ba Mandala viva \u2013 Solange Maria de Araujo<br \/>\n47\u00ba Renascimento de Tradi\u00e7\u00f5es: Ateli\u00ea da Brislane Artes\u00e3 &#8211; Ponto Cultural do Barro &#8211; Eliane Florencio Da Silva<br \/>\n48\u00ba Arte em Barro: Conectando Cora\u00e7\u00f5es e Culturas com Jos\u00e9 Artes\u00e3o &#8211; Jos\u00e9 Arnaldo Antonio da Silva<br \/>\n49\u00ba Arte em Barro e Direitos Humanos: Moldando a Mudan\u00e7a &#8211; Joquebede Carvalho de Assis dos Santos<br \/>\n50\u00ba Alto do Moura: Celebra\u00e7\u00e3o do Barro e da Arte &#8211; Iuri Jo\u00e3o da Silva<br \/>\n51\u00ba Arte em Barro: Conectando Cora\u00e7\u00f5es e Culturas com Rozane Alezandre Artes\u00e3 &#8211; Rozane Alexandre da Silva<br \/>\n52\u00ba Arte em Barro: Tradi\u00e7\u00e3o Viva no Alto do Moura &#8211; Adenildo Rodrigues da Silva<br \/>\n53\u00ba Ateli\u00ea das Cores: Celebrando a Cultura Popular em Barro &#8211; Lindomar Adelino Da Silva<br \/>\n54\u00ba Linete Adelina da Silva<br \/>\n55\u00ba Capacita\u00e7\u00e3o em Arte de Barro e Confec\u00e7\u00e3o de Bonecos Gigantes &#8211; De Tonny Artes\u00e3o para o Mundo &#8211; Antonio Espedito da Silva<\/p>\n<p>Cultura Popular e Povos Tradicionais<br \/>\n1\u00ba Ra\u00edzes e Antenas: Elabora\u00e7\u00e3o de Projetos para a Cultura Popular &#8211; Evandro da Silva Lunardo (TITULAR)<br \/>\n2\u00ba A arte dos Yorubas &#8211; Edna Pereira dos Santos (TITULAR)<br \/>\n3\u00ba Oficina de Colares de Matriz Afro Brasileira \u2013 Umbanda &#8211; Juraci Jo\u00e3o Barbosa (TITULAR)<br \/>\n4\u00ba (R)existir: A hist\u00f3ria das religi\u00f5es Afro-brasileiras no munic\u00edpio de Caruaru \u2013 PE &#8211; Amanda Samara do Nascimento Costa (TITULAR)<br \/>\n5\u00ba Oficina de quadros ecol\u00f3gicos na sede do boi tira teima \u2013 Associa\u00e7\u00e3o Arte &#038; Cultura Mestre Gercino Bernardo da Silva (TITULAR)<br \/>\n6\u00ba Festival literatura de cordel &#8211; Manoel Nerisvaldo Rodrigues Alves (TITULAR)<br \/>\n7\u00ba Oficina de constru\u00e7\u00e3o de instrumentos afro-brasileiros &#8211; Paulo Fernando Custodio da Silva (TITULAR)<br \/>\n8\u00ba Modafro Caruaru \u2013 Jacqueline Cristina da Silva (TITULAR)<br \/>\n9\u00ba 1\u00ba Festival de Poetas Declamadores do Agreste \u2013 Jefferson Mois\u00e9s Domingos da Silva (TITULAR)<br \/>\n10\u00ba Conex\u00e3o Corpo e Tambor &#8211; Petrucio Angelo Da Cruz Queiroz (TITULAR)<br \/>\n11\u00ba Workshop: A ess\u00eancia das dan\u00e7as da Cultura Popular \u2013 Maria Renata da Silva Lima (TITULAR)<br \/>\n12\u00ba Tambores que cantam \u2013 Josivaldo Pereira do Nascimento (TITULAR)<\/p>\n<p>*Suplentes de Cultura Popular e Povos Tradicionais:*<br \/>\n13\u00ba As paramentas no terreiro e seus modos de confec\u00e7\u00e3o, uma abordagem de vanguarda \u2013 Maria Barbosa Peixoto<br \/>\n14\u00ba Reisado Sementes de Luz &#8211; Gabriel Bezerra Silva<br \/>\n15\u00ba Batalh\u00e3o 333 e manuten\u00e7\u00e3o da tradi\u00e7\u00e3o &#8211; Igor Jord\u00e3o dos Santos<br \/>\n16\u00ba Oficina \u201ccomo utilizar o bacamarte com seguran\u00e7a\u201d \u2013 Eduardo Augusto Cordeiro Correia<br \/>\n17\u00ba Mantenedor de um legado! \u2013 Ednaldo Jos\u00e9 da Silva<br \/>\n18\u00ba Batalh\u00e3o de bacamarteiros 17 de lagoa do paulista de Caruaru \u2013 Jos\u00e9 Galv\u00e3o Filho<br \/>\n19\u00ba Toque de preta velha vov\u00f3 Catarina \u2013 Maria de Lourdes Santos Carvalho<br \/>\n20\u00ba Os santos de Caruaru ontem e hoje: um ensaio visual das religi\u00f5es afro-amer\u00edndias &#8211; Hugo Weslley Oliveira Silva<\/p>\n<p>Artes c\u00eanicas<br \/>\n1\u00ba Brincando no Escuro: Um olhar sens\u00edvel e pensante em torno da produ\u00e7\u00e3o teatral para crian\u00e7as \u2013 Maria Alves da Silva (TITULAR)<br \/>\n2\u00ba Arte para todos \u2013 William Smith Ferreira Gon\u00e7alves (TITULAR)<br \/>\n3\u00ba FETEAG 2023 &#8211; Mostra Hilda Felipe \u2013 Teatro Experimental de Arte (TITULAR)<br \/>\n4\u00ba Circolando na comunidade &#8211; Nerisvaldo Rodrigues Alves (TITULAR)<br \/>\n5\u00ba Oficinas de teatro educa\u00e7\u00e3o inclusiva para pessoas com ou sem defici\u00eancia visual \u2013 Josenildo Cavalcanti de Albuquerque<br \/>\n6\u00ba Encantado Adonay &#8211; Rosberg Adonay Rodrigues Galv\u00e3o (TITULAR)<\/p>\n<p>*Lista de suplentes de artes c\u00eanicas:*<br \/>\n7\u00ba Espet\u00e1culo A Visita &#8211; Jos\u00e9 Severino Flor\u00eancio de Souza<br \/>\n8\u00ba Mem\u00f3rias do Auto das 7 Luas de Barro \u2013 45 anos &#8211; Evandro Lunardo<br \/>\n9\u00ba Oficina de Figurino e Leitura Dramatizada &#8211; &#8220;\u00c1rvore dos Mamulengos&#8221; &#8211; Ary Valen\u00e7a da Silva Neto<br \/>\n10\u00ba Espet\u00e1culo No Sil\u00eancio da palavra &#8211; Iris Daniele Marcolino da Silva<br \/>\n11\u00ba Obsessivamente Palha\u00e7a &#8211; Um conto do sert\u00e3o &#8211; Aretha Luna<br \/>\n12\u00ba Espet\u00e1culo musical teatral: Azul\u00e3o e sua Can\u00e7\u00e3o &#8211; Rafael Amancio S. Vasconcelos<br \/>\n13\u00ba A Caravana da Ilus\u00e3o \u2013 Felipe Vidal<br \/>\n14\u00ba Solte o Boi na Rua &#8211; Nildo Antonio da Silva<br \/>\n15\u00ba Ant\u00edgona &#8211; latitude sul, longitude oeste \u2013 F\u00e1bio Valerio Bezerra Pascoal<br \/>\n16\u00ba Aula online de pintura \u2013 Agny Gisele de Oliveira Silva<br \/>\n17\u00ba Arte que Educa \u2013 Thays Santos Avelino<br \/>\n18\u00ba Circolando na comunidade &#8211; Manoel Nerisvaldo Rodrigues Alves<br \/>\n19\u00ba Teatro de rua Mambembeando por Caruaru &#8211; \u00cdcaro Raphael Limeira<br \/>\n20\u00ba XXIII \u2013 Festival de esquetes e festival de teatro infantil de caruaru &#8211; Associa\u00e7\u00e3o dos Artistas de caruaru<br \/>\n21\u00ba Oficina: Popping \u00e9 cultura HipHop &#8211; T\u00e1ssio Jos\u00e9 da Silva Pereira<br \/>\n22\u00ba Caravana da Alegria &#8211; Hugo Henrique Teofilo Gomes<br \/>\n23\u00ba Serpenteia me de licen\u00e7a minhas metras mazuqueiras &#8211; Marcela Felipe Barbosa de Andrade<br \/>\n24\u00ba Ybir\u00e1 e as Sementes de Algaroba &#8211; Aretha Luna<br \/>\n25\u00ba Cad\u00eancia Pernambucana \u2013 Associa\u00e7\u00e3o Cultural Afro-Brasileira Or\u00ed<br \/>\n26\u00ba A Paranoia dos Noivos \u2013 Maria Adriana S\u00e1 de Souza<br \/>\n27\u00ba Mostra paralela 8o abril para o teatro \u2013 Sabrina Figueiroa dos Santos<br \/>\n28\u00ba Querida Gina \u2013 In\u00e1cio Pereira Duque Neto<br \/>\n29\u00ba O Filme &#8211; Karla Dayane Lima dos Santos<br \/>\n30\u00ba A Trupe Gargalhada conta: O Forr\u00f3 da Bicharada no S\u00e3o Jo\u00e3o de Caruaru &#8211; Gilmar Teixeira da Silva<br \/>\n31\u00ba Projeto Gilvan Neves \u2013 Gilvan Neves de Oliveira<br \/>\n32\u00ba Arte que educa &#8211; Thays Santos Avelino<\/p>\n<p>*M\u00fasica*<br \/>\n1\u00ba Sebastian Silva Cantando Suas Ra\u00edzes &#8211; Sebasti\u00e3o Alvino da Silva (TITULAR)<br \/>\n2\u00ba Sotaques II \u2013 Jos\u00e9 Carlos Ferreira dos Santos (TITULAR)<br \/>\n3\u00ba Sanfona de oito baixos \u2013 primeiros passos \u2013 Ivison Santos Silva (TITULAR)<br \/>\n4\u00ba Turn\u00ea internacional da cantora Ri\u00e1h \u2013 Riana Clecia de Oliveira Leite (TITULAR)<br \/>\n5\u00ba Single Rogeria Dera \u2013 Rita de C\u00e1ssia Von Liebig (TITULAR)<\/p>\n<p>*Suplentes da categoria m\u00fasica:*<br \/>\n6\u00ba Show na\u00e7\u00f5es do candombl\u00e9: Uma celebra\u00e7\u00e3o ao dia nacional das tradi\u00e7\u00f5es de ra\u00edzes de matrizes africanas (21 de mar\u00e7o) \u2013 Jo\u00e3o Gabriel S\u00e1 de Lima<br \/>\n7\u00ba Conex\u00e3o Corpo e Tambor &#8211; Petrucio Cruz<br \/>\n8\u00ba Reflorescer (\u00c1lbum) &#8211; Luis Adriano Correia da Silva<br \/>\n9\u00ba Festival do Espa\u00e7o Cultural da L\u00facia &#8211; Natan Lima<br \/>\n10\u00ba Forr\u00f3 Aula Show &#8211; Elian Eraldo de Oliveira Silva<br \/>\n11\u00ba Festival Canto da Patativa nos Parques &#8211; Renata Torres de Lira<br \/>\n12\u00ba A cultura Hip Hop salva vidas \u2013 Michael Lopes Maciel<br \/>\n13\u00ba Antonio Pereira Maciel Neto<br \/>\n14\u00ba 10 anos do setembro extremo noise fest &#8211; Luciano Paulino da Silva<br \/>\n15\u00ba Sanfona do Povo. 35 Anos de Saudade de Seu Luiz Lua Gonzaga &#8211; Lucas Borba Soares<br \/>\n16\u00ba A Mulher no Forr\u00f3 P\u00e9- de-Serra &#8211; Genilsa Domingos de Santana<br \/>\n17\u00ba Erivaldo Forr\u00f3 mais Eu &#8211; Erivaldo Alvino da Silva<br \/>\n18\u00ba Que Som-Os? &#8211; David Garcia de Souza<br \/>\n19\u00ba Joanatan Richard &#8211; A Festa do Com\u00e9rcio LP vinil &#8211; Joanatan Richard Viegas Ferreira<br \/>\n20\u00ba Est\u00fadio ACRENOR &#8211; Associa\u00e7\u00e3o da Cultura Regional Nordestina &#8211; ACRENOR<br \/>\n21\u00ba Nos ritmos da cultura \u2013 Oficina de Percuss\u00e3o &#8211; Jos\u00e9 Manoel da Silva Filho<br \/>\n22\u00ba Identidade Visual do Pereira do Acordeon \u2013 Edilene Leandro de Brito<br \/>\n23\u00ba Oficina de instrumento de sopro e percurss\u00e3o \u2013 Maria Jos\u00e9 da Silva<br \/>\n24\u00ba Discotecagem de Cal\u00e7ada &#8211; Diogo de Sobral Melo<br \/>\n25\u00ba Single Chamas<br \/>\n26\u00ba Disco &#8211; Ivison trio na casa de Janu\u00e1rio &#8211; Ivison Santos Silva<br \/>\n27\u00ba Meu Bairro \u00e9 Pernambuco &#8211; Osvaldo Batista da Silva Neto<br \/>\n28\u00ba Vamos Forrozar (20 anos do Forr\u00f3 Cigano) &#8211; Paulo Roberto da Silva<br \/>\n29\u00ba Celebra\u00e7\u00e3o dos 95 anos da banda de p\u00edfano dois \u201cirm\u00e3o\u201d com Mestre Jo\u00e3o do Pife Patrim\u00f4nio vivo de Caruaru &#8211; Jo\u00e3o Alfredo Marques dos Santos<br \/>\n30\u00ba Oficina Realizando seu Lan\u00e7amento Musical: como planejar e divulgar &#8211; Gabriel Gomes Vila Nova<br \/>\n31\u00ba Forr\u00f3 \u00c1lbum &#8211; Luciana Salvador da Silva<br \/>\n32\u00ba Colet\u00e2nea de novos artistas autorais de Caruaru \u2013 Heverton Fagner da Silva Rodrigues<br \/>\n33\u00ba S\u00f3 Eu e Tu \u2013 Antonio Maciel Pereira Neto<br \/>\n34\u00ba Meu Quintal \u00e9 um Mundo \u2013 Gilberlly Nascimento Silva<br \/>\n35\u00ba A po\u00e9tica do encontro humano \u2013 Biodan\u00e7a na terceira idade \u2013 Solange Maria de Araujo<br \/>\n36\u00ba Forr\u00f3 Fole de Ouro: 17 anos &#8211; Jos\u00e9 Antonio da Silva Junior<br \/>\n37\u00ba EP M\u00e3e Solo \u2013 Dayse Rosa Galv\u00e3o<br \/>\n38\u00ba Trio verde aveloz &#8211; Luciano da costa Lima<br \/>\n39\u00ba Elaborando Sonhos \u2013 Riana Clecia de Oliveira Leite<br \/>\n40\u00ba Ra\u00edzes bantu: valoriza\u00e7\u00e3o e consci\u00eancia negra do canto ancestral &#8211; Christiane Mendes<br \/>\n41\u00ba Single &#8220;pauta pra outra can\u00e7\u00e3o&#8221; &#8211; Jos\u00e9 Carlos da Silva Lopes Filho<br \/>\n42\u00ba Seresta na Ladeira do Alto do Moura &#8211; Carmem Val\u00e9ria Saboia<br \/>\n43\u00ba Forr\u00f3 Itinerante &#8211; Jos\u00e9 Josildo de Souza Lima<br \/>\n44\u00ba Forr\u00f3! Uma viagem cultural pela Europa \u2013 \u00c1rmerson Vila Nova Ten\u00f3rio<br \/>\n45\u00ba Show do cantor Azulinho \u2013 Alexandre Bezerra de Lima<br \/>\n46\u00ba Est\u00fadio Estrondo \u2013 Raionato Vila Nova de Miranda<br \/>\n47\u00ba Aula espet\u00e1culo, sobre a obra de Onildo Almeida \u2013 Jucelio Vilela dos Anjos<br \/>\n48\u00ba &#8220;Quebranto\u201d \u2013 Sangue de Barro \u2013 Ivan M\u00e1rcio Lima de Bulh\u00f5es<br \/>\n49\u00ba Supera \u2013 show ao vivo &#8211; Matheus de Souza Silva<br \/>\n50\u00ba Grava\u00e7\u00e3o do primeiro \u00e1lbum, divulga\u00e7\u00e3o e distribui\u00e7\u00e3o do \u00e1lbum nos streamings e show de lan\u00e7amento \u2013 Yngrid Nayara de Ara\u00fajo Bitencourt Ferreira Pereira<br \/>\n51\u00ba Festival Celeiro &#8211; Rita de C\u00e1ssia von Liebig<br \/>\n52\u00ba Matheus Xoteando &#8211; Matheus Silvestre Ferreira de Lima<br \/>\n53\u00ba S\u00f3 N\u00e3o Toca Quem n\u00e3o quer &#8211; Jos\u00e9 Sivaldo Cavalcante<br \/>\n54\u00ba Show em comemora\u00e7\u00e3o dos 20 anos de Forr\u00f3 de Derso Luiz &#8211; M\u00fasica Eriderson Jose dos Santos<br \/>\n55\u00ba VEREDAS &#8211; mostra de m\u00fasica autoral do agreste. Finaliza\u00e7\u00e3o do \u00e1lbum ao vivo gravado no dia 31.03.2023 \u2013 Heverton Fagner da Silva Rodrigues<br \/>\n56\u00ba Projeto Harmonizando Sonhos \u2013 Lourival de Lira<br \/>\n57\u00ba Curso de introdu\u00e7\u00e3o a harmonia funcional e composi\u00e7\u00e3o &#8211; Victor Matheus Rom\u00e3o<br \/>\n58\u00ba Circula\u00e7\u00e3o nas escolas da rede p\u00fablica, do \u00e1lbum \u201cOs Passarinho\u201d de Z\u00e9 Barreto de Assis &#8211; F\u00e1bio Santos Rodrigues de Souza<br \/>\n59\u00ba A Magia do Acordeon &#8211; Aldrin Alves Izidoro<br \/>\n60\u00ba Circula\u00e7\u00e3o do show Canto e Espanto o teu Quebranto &#8211; Raquel de Melo Santana<br \/>\n61\u00ba Terra Brasil \u2013 Janduhy Nascimento<br \/>\n62\u00ba Aula Show no P\u00e9 de Serra: Fortalecendo o forr\u00f3 raiz para novas gera\u00e7\u00f5es &#8211;  Cisonilda Pereira da Silva<br \/>\n63\u00ba Mem\u00f3ria e Cultura ( Banda de p\u00edfano Z\u00e9 do Estado ) &#8211; Vanessa Guimaraes Cardoso<br \/>\n64\u00ba Forr\u00f3 ao ar puro &#8211; Eriderson Jose dos Santos<br \/>\n65\u00ba Alb\u00fam Forr\u00f3 do C\u00e9u \u2013 Luis Fernando Viegas da Rocha<br \/>\n66\u00ba A Magia do Acordeon &#8211; Aldrin Alves Izidoro<br \/>\n67\u00ba Forr\u00f3samba \u2013 Renildo Alves de Vasconcelos<br \/>\n68\u00ba Grupo Cultural \u201cBanda Bai\u00e3o de Todos e Convidados Especiais\u201d &#8211; Glaubber Pereira da Silva<br \/>\n69\u00ba Musicalizando a vida &#8211; Instituto do C\u00e2ncer Infantil do Agreste<\/p>\n<p>70\u00ba Forr\u00f3 no Alto do Moura &#8211; Jos\u00e9 Junior Gomes<br \/>\n71\u00ba Clipes TRI.KE.T\u00c1 &#8211; Edson Pedro da Silva<br \/>\n72\u00ba Humberto Bonny &#8211; Jos\u00e9 Humberto do Nascimento<br \/>\n73\u00ba Supera Show Ao vivo &#8211; Matheus de Souza Silva<\/p>\n","protected":false},"excerpt":{"rendered":"<p>A Funda\u00e7\u00e3o de Cultura, divulgou o resultado final do edital de demais linguagens, da Lei Paulo Gustavo (LPG). Esta lei&hellip;<\/p>\n","protected":false},"author":1,"featured_media":102544,"comment_status":"closed","ping_status":"open","sticky":false,"template":"","format":"standard","meta":{"footnotes":""},"categories":[14120],"tags":[28803,2,28801,3406,29020],"class_list":["post-102543","post","type-post","status-publish","format-standard","has-post-thumbnail","hentry","category-noticias","tag-blog-com-mais-visualizacoes","tag-blog-do-edvaldo-magalhaes","tag-blog-mais-acessado","tag-caruaru","tag-confira-o-resultado-final-do-edital-de-demais-linguagens-da-lpg"],"_links":{"self":[{"href":"https:\/\/blogdoedvaldomagalhaes.com.br\/index.php\/wp-json\/wp\/v2\/posts\/102543","targetHints":{"allow":["GET"]}}],"collection":[{"href":"https:\/\/blogdoedvaldomagalhaes.com.br\/index.php\/wp-json\/wp\/v2\/posts"}],"about":[{"href":"https:\/\/blogdoedvaldomagalhaes.com.br\/index.php\/wp-json\/wp\/v2\/types\/post"}],"author":[{"embeddable":true,"href":"https:\/\/blogdoedvaldomagalhaes.com.br\/index.php\/wp-json\/wp\/v2\/users\/1"}],"replies":[{"embeddable":true,"href":"https:\/\/blogdoedvaldomagalhaes.com.br\/index.php\/wp-json\/wp\/v2\/comments?post=102543"}],"version-history":[{"count":1,"href":"https:\/\/blogdoedvaldomagalhaes.com.br\/index.php\/wp-json\/wp\/v2\/posts\/102543\/revisions"}],"predecessor-version":[{"id":102545,"href":"https:\/\/blogdoedvaldomagalhaes.com.br\/index.php\/wp-json\/wp\/v2\/posts\/102543\/revisions\/102545"}],"wp:featuredmedia":[{"embeddable":true,"href":"https:\/\/blogdoedvaldomagalhaes.com.br\/index.php\/wp-json\/wp\/v2\/media\/102544"}],"wp:attachment":[{"href":"https:\/\/blogdoedvaldomagalhaes.com.br\/index.php\/wp-json\/wp\/v2\/media?parent=102543"}],"wp:term":[{"taxonomy":"category","embeddable":true,"href":"https:\/\/blogdoedvaldomagalhaes.com.br\/index.php\/wp-json\/wp\/v2\/categories?post=102543"},{"taxonomy":"post_tag","embeddable":true,"href":"https:\/\/blogdoedvaldomagalhaes.com.br\/index.php\/wp-json\/wp\/v2\/tags?post=102543"}],"curies":[{"name":"wp","href":"https:\/\/api.w.org\/{rel}","templated":true}]}}