{"id":102529,"date":"2023-11-03T22:01:54","date_gmt":"2023-11-04T01:01:54","guid":{"rendered":"https:\/\/blogdoedvaldomagalhaes.com.br\/?p=102529"},"modified":"2023-11-03T22:04:58","modified_gmt":"2023-11-04T01:04:58","slug":"prf-realiza-operacao-com-foco-no-transporte-rodoviario-de-produtos-perigosos","status":"publish","type":"post","link":"https:\/\/blogdoedvaldomagalhaes.com.br\/index.php\/2023\/11\/03\/prf-realiza-operacao-com-foco-no-transporte-rodoviario-de-produtos-perigosos\/","title":{"rendered":"PRF realiza opera\u00e7\u00e3o com foco no transporte rodovi\u00e1rio de produtos perigosos"},"content":{"rendered":"<p>A Pol\u00edcia Rodovi\u00e1ria Federal (PRF) realizou, na \u00faltima ter\u00e7a (31), uma opera\u00e7\u00e3o com foco no transporte rodovi\u00e1rio de produtos perigosos. As fiscaliza\u00e7\u00f5es ocorreram nos trechos das Delegacias PRF em Garanhuns, Serra Talhada, Salgueiro e Petrolina, em Pernambuco.<\/p>\n<p>\u201cAs opera\u00e7\u00f5es direcionadas \u00e0 fiscaliza\u00e7\u00e3o deste tipo transporte s\u00e3o de fundamental import\u00e2ncia para as atividades desempenhadas pela institui\u00e7\u00e3o, uma vez que t\u00eam como objetivo a preven\u00e7\u00e3o de acidentes, a prote\u00e7\u00e3o da log\u00edstica nacional e a coibi\u00e7\u00e3o de pr\u00e1ticas criminosas envolvendo estes materiais\u201d, explicou o superintendente da PRF\/PE, Alexandre Rodrigues.<\/p>\n<p>Cerca de 70 ve\u00edculos foram fiscalizados durante a opera\u00e7\u00e3o. Os agentes observaram se o transporte de produtos perigosos atendiam as exig\u00eancias legais. Entre os itens fiscalizados estavam as documenta\u00e7\u00f5es do ve\u00edculo, produtos e motoristas, licen\u00e7a ambiental, certifica\u00e7\u00f5es dos equipamentos, sinaliza\u00e7\u00e3o e estado de conserva\u00e7\u00e3o dos ve\u00edculos, equipamentos para situa\u00e7\u00e3o de emerg\u00eancia e de prote\u00e7\u00e3o individual, entre outros.<\/p>\n<p>No total, 94 autos de infra\u00e7\u00e3o foram emitidos, sendo 75 de descumprimento \u00e0s normas para o transporte de produtos perigosos. Os ve\u00edculos fiscalizados na regi\u00e3o de Salgueiro foram os que mais apresentaram esse tipo de infra\u00e7\u00e3o. Dentre as irregularidades mais observadas est\u00e3o a falta ou ilegibilidade das placas de identifica\u00e7\u00e3o dos produtos. Para adequa\u00e7\u00e3o \u00e0s exig\u00eancias de um transporte seguro, 10 ve\u00edculos precisaram ficar retidos.<\/p>\n<p>Dentre as fiscaliza\u00e7\u00f5es realizadas, uma chamou aten\u00e7\u00e3o. O ve\u00edculo foi abordado enquanto transitava pela rodovia em Garanhuns. Nele os PRFs identificaram parte da carga derramando na pista, placas de sinaliza\u00e7\u00e3o sem visibilidade, motorista sem traje adequando e ainda um botij\u00e3o de g\u00e1s (GLP) era transportado de forma irregular embaixo da carroceria. Mas esse n\u00e3o foi o \u00fanico caso. Em seguida um outro ve\u00edculo foi fiscalizado e tamb\u00e9m transportava al\u00e9m de produto perigoso um botij\u00e3o de g\u00e1s. Foto: Divulga\u00e7\u00e3o\/PMPE.<\/p>\n<p>Siga o Instagram do Blog @blogdoedvaldomagalhaes<br \/>\nSe inscreva no canal do Blog no You Tube<\/p>\n","protected":false},"excerpt":{"rendered":"<p>A Pol\u00edcia Rodovi\u00e1ria Federal (PRF) realizou, na \u00faltima ter\u00e7a (31), uma opera\u00e7\u00e3o com foco no transporte rodovi\u00e1rio de produtos perigosos.&hellip;<\/p>\n","protected":false},"author":1,"featured_media":102531,"comment_status":"closed","ping_status":"open","sticky":false,"template":"","format":"standard","meta":{"footnotes":""},"categories":[14121],"tags":[28803,2,19430,3406,29018],"class_list":["post-102529","post","type-post","status-publish","format-standard","has-post-thumbnail","hentry","category-policial","tag-blog-com-mais-visualizacoes","tag-blog-do-edvaldo-magalhaes","tag-blog-mais-acessado-de-caruaru","tag-caruaru","tag-prf-realiza-operacao-com-foco-no-transporte-rodoviario-de-produtos-perigosos"],"_links":{"self":[{"href":"https:\/\/blogdoedvaldomagalhaes.com.br\/index.php\/wp-json\/wp\/v2\/posts\/102529","targetHints":{"allow":["GET"]}}],"collection":[{"href":"https:\/\/blogdoedvaldomagalhaes.com.br\/index.php\/wp-json\/wp\/v2\/posts"}],"about":[{"href":"https:\/\/blogdoedvaldomagalhaes.com.br\/index.php\/wp-json\/wp\/v2\/types\/post"}],"author":[{"embeddable":true,"href":"https:\/\/blogdoedvaldomagalhaes.com.br\/index.php\/wp-json\/wp\/v2\/users\/1"}],"replies":[{"embeddable":true,"href":"https:\/\/blogdoedvaldomagalhaes.com.br\/index.php\/wp-json\/wp\/v2\/comments?post=102529"}],"version-history":[{"count":5,"href":"https:\/\/blogdoedvaldomagalhaes.com.br\/index.php\/wp-json\/wp\/v2\/posts\/102529\/revisions"}],"predecessor-version":[{"id":102539,"href":"https:\/\/blogdoedvaldomagalhaes.com.br\/index.php\/wp-json\/wp\/v2\/posts\/102529\/revisions\/102539"}],"wp:featuredmedia":[{"embeddable":true,"href":"https:\/\/blogdoedvaldomagalhaes.com.br\/index.php\/wp-json\/wp\/v2\/media\/102531"}],"wp:attachment":[{"href":"https:\/\/blogdoedvaldomagalhaes.com.br\/index.php\/wp-json\/wp\/v2\/media?parent=102529"}],"wp:term":[{"taxonomy":"category","embeddable":true,"href":"https:\/\/blogdoedvaldomagalhaes.com.br\/index.php\/wp-json\/wp\/v2\/categories?post=102529"},{"taxonomy":"post_tag","embeddable":true,"href":"https:\/\/blogdoedvaldomagalhaes.com.br\/index.php\/wp-json\/wp\/v2\/tags?post=102529"}],"curies":[{"name":"wp","href":"https:\/\/api.w.org\/{rel}","templated":true}]}}