{"id":102526,"date":"2023-11-03T21:49:16","date_gmt":"2023-11-04T00:49:16","guid":{"rendered":"https:\/\/blogdoedvaldomagalhaes.com.br\/?p=102526"},"modified":"2023-11-03T21:49:17","modified_gmt":"2023-11-04T00:49:17","slug":"governo-pe-garante-gratuidade-na-passagem-de-onibus-para-os-estudantes-da-rede-estadual-de-ensino-que-farao-o-enem","status":"publish","type":"post","link":"https:\/\/blogdoedvaldomagalhaes.com.br\/index.php\/2023\/11\/03\/governo-pe-garante-gratuidade-na-passagem-de-onibus-para-os-estudantes-da-rede-estadual-de-ensino-que-farao-o-enem\/","title":{"rendered":"Governo-PE garante gratuidade na passagem de \u00f4nibus para os estudantes da Rede Estadual de Ensino que far\u00e3o o Enem"},"content":{"rendered":"<p>Os estudantes da Rede Estadual de Ensino de Pernambuco que ir\u00e3o fazer o Exame Nacional do Ensino M\u00e9dio (Enem) neste domingo (05) e no pr\u00f3ximo dia 12, ter\u00e3o gratuidade no transporte p\u00fablico. Todos os alunos matriculados na rede que possuem o cart\u00e3o VEM PASSE LIVRE RMR, ter\u00e3o acesso gratuito no sistema de transporte para deslocamento aos locais em que ser\u00e3o aplicadas as provas, dentro da Regi\u00e3o Metropolitana do Recife (RMR).<\/p>\n<p>&#8220;Com o passe livre, n\u00f3s garantimos o direito a todos os estudantes de chegarem aos locais de suas provas com tranquilidade e seguran\u00e7a. Temos o compromisso de assegurar a todos os jovens pernambucanos um ensino de qualidade e a gratuidade da passagem far\u00e1 diferen\u00e7a na vida de cada um que ir\u00e1 passar por essa etapa t\u00e3o importante&#8221;, afirmou a governadora Raquel Lyra.<\/p>\n<p>O cart\u00e3o j\u00e1 garante a gratuidade aos estudantes que se deslocam de casa para a escola durante a semana. Desta vez, o benef\u00edcio ser\u00e1 expandido para os dois pr\u00f3ximos domingos, n\u00e3o havendo nenhuma cobran\u00e7a nos dias das provas do Enem.<\/p>\n<p>Para a secret\u00e1ria de Educa\u00e7\u00e3o e Esportes de Pernambuco, Ivaneide Dantas, essa \u00e9 mais uma iniciativa que visa fortalecer o incentivo para que os estudantes concluam com sucesso o sonho de ingressar no ensino superior. \u201cEsta a\u00e7\u00e3o conjunta permite que os nossos estudantes possam ter o seu transporte garantido nos dias de prova. Seguimos na torcida para que os estudantes da rede estadual de Pernambuco tenham \u00eaxito no Exame\u201d, ressalta.<\/p>\n<p>A medida foi realizada a partir de solicita\u00e7\u00e3o da Secretaria Estadual de Educa\u00e7\u00e3o e ser\u00e1 executada por meio do Grande Recife Cons\u00f3rcio de Transporte. Cerca de 100 mil estudantes da rede estadual utilizam o cart\u00e3o mensalmente em toda a RMR.<br \/>\nFoto: Jana\u00edna Pepeu<\/p>\n<p>Siga o Instagram do Blog para comentar @blogdoedvaldomagalhaes<br \/>\nSe inscreva no canal do Blog no You Tube<\/p>\n","protected":false},"excerpt":{"rendered":"<p>Os estudantes da Rede Estadual de Ensino de Pernambuco que ir\u00e3o fazer o Exame Nacional do Ensino M\u00e9dio (Enem) neste&hellip;<\/p>\n","protected":false},"author":1,"featured_media":102527,"comment_status":"closed","ping_status":"open","sticky":false,"template":"","format":"standard","meta":{"footnotes":""},"categories":[14120],"tags":[28803,2,28801,3406,29017],"class_list":["post-102526","post","type-post","status-publish","format-standard","has-post-thumbnail","hentry","category-noticias","tag-blog-com-mais-visualizacoes","tag-blog-do-edvaldo-magalhaes","tag-blog-mais-acessado","tag-caruaru","tag-governo-pe-garante-gratuidade-na-passagem-de-onibus-para-os-estudantes-da-rede-estadual-de-ensino-que-farao-o-enem"],"_links":{"self":[{"href":"https:\/\/blogdoedvaldomagalhaes.com.br\/index.php\/wp-json\/wp\/v2\/posts\/102526","targetHints":{"allow":["GET"]}}],"collection":[{"href":"https:\/\/blogdoedvaldomagalhaes.com.br\/index.php\/wp-json\/wp\/v2\/posts"}],"about":[{"href":"https:\/\/blogdoedvaldomagalhaes.com.br\/index.php\/wp-json\/wp\/v2\/types\/post"}],"author":[{"embeddable":true,"href":"https:\/\/blogdoedvaldomagalhaes.com.br\/index.php\/wp-json\/wp\/v2\/users\/1"}],"replies":[{"embeddable":true,"href":"https:\/\/blogdoedvaldomagalhaes.com.br\/index.php\/wp-json\/wp\/v2\/comments?post=102526"}],"version-history":[{"count":1,"href":"https:\/\/blogdoedvaldomagalhaes.com.br\/index.php\/wp-json\/wp\/v2\/posts\/102526\/revisions"}],"predecessor-version":[{"id":102528,"href":"https:\/\/blogdoedvaldomagalhaes.com.br\/index.php\/wp-json\/wp\/v2\/posts\/102526\/revisions\/102528"}],"wp:featuredmedia":[{"embeddable":true,"href":"https:\/\/blogdoedvaldomagalhaes.com.br\/index.php\/wp-json\/wp\/v2\/media\/102527"}],"wp:attachment":[{"href":"https:\/\/blogdoedvaldomagalhaes.com.br\/index.php\/wp-json\/wp\/v2\/media?parent=102526"}],"wp:term":[{"taxonomy":"category","embeddable":true,"href":"https:\/\/blogdoedvaldomagalhaes.com.br\/index.php\/wp-json\/wp\/v2\/categories?post=102526"},{"taxonomy":"post_tag","embeddable":true,"href":"https:\/\/blogdoedvaldomagalhaes.com.br\/index.php\/wp-json\/wp\/v2\/tags?post=102526"}],"curies":[{"name":"wp","href":"https:\/\/api.w.org\/{rel}","templated":true}]}}