{"id":102523,"date":"2023-11-03T21:41:56","date_gmt":"2023-11-04T00:41:56","guid":{"rendered":"https:\/\/blogdoedvaldomagalhaes.com.br\/?p=102523"},"modified":"2023-11-03T21:41:57","modified_gmt":"2023-11-04T00:41:57","slug":"pm-prende-homem-que-estava-com-cocaina","status":"publish","type":"post","link":"https:\/\/blogdoedvaldomagalhaes.com.br\/index.php\/2023\/11\/03\/pm-prende-homem-que-estava-com-cocaina\/","title":{"rendered":"PM prende homem que estava com coca\u00edna"},"content":{"rendered":"<p>Na quinta-feira (02), policiais militares do 8\u00ba BPM, durante patrulhamento ostensivo, ap\u00f3s investiga\u00e7\u00e3o pr\u00e9via da Policia Civil e efetivo da PMCE, apreenderam aproximadamente 4.307 kg de coca\u00edna, na Rua Joaquina da Concei\u00e7\u00e3o, Divino, Salgueiro. A pris\u00e3o do suspeito se deu em virtude de uma apreens\u00e3o de drogas no estado do Cear\u00e1, que teria sa\u00eddo da cidade de Salgueiro em dire\u00e7\u00e3o a regi\u00e3o do Araripe do Cear\u00e1.<\/p>\n<p>A partir das informa\u00e7\u00f5es prestadas pelo efetivo da PMCE, o efetivo do 8 BPM passou a monitorar o indiv\u00edduo, que ao chegar de moto em sua resid\u00eancia, foi abordado pelo efetivo policial, que informou que seu comparsa estaria preso no estado do Cear\u00e1 com a droga fornecida por ele, e que j\u00e1 teria passado todas as informa\u00e7\u00f5es necess\u00e1rias para sua pris\u00e3o. Sem se opor, contribuiu para a apresenta\u00e7\u00e3o espont\u00e2nea da droga, que estava acondicionada em uma mala no interior do seu quarto.<\/p>\n<p>Diante o exposto, foi dada voz de pris\u00e3o ao suspeito, em seguida foi feita sua condu\u00e7\u00e3o juntamente com a droga e um smartphone para a DPC local, para ado\u00e7\u00e3o das medidas legais cab\u00edveis. Foto: Divulga\u00e7\u00e3o\/PMPE<\/p>\n<p>Siga o Instagram do Blog @blogdoedvaldomagalhaes<br \/>\nSe inscreva no canal do Blog no You Tube<\/p>\n","protected":false},"excerpt":{"rendered":"<p>Na quinta-feira (02), policiais militares do 8\u00ba BPM, durante patrulhamento ostensivo, ap\u00f3s investiga\u00e7\u00e3o pr\u00e9via da Policia Civil e efetivo da&hellip;<\/p>\n","protected":false},"author":1,"featured_media":102524,"comment_status":"closed","ping_status":"open","sticky":false,"template":"","format":"standard","meta":{"footnotes":""},"categories":[14121],"tags":[28803,2,3406,29016],"class_list":["post-102523","post","type-post","status-publish","format-standard","has-post-thumbnail","hentry","category-policial","tag-blog-com-mais-visualizacoes","tag-blog-do-edvaldo-magalhaes","tag-caruaru","tag-pm-prende-homem-que-estava-com-cocaina"],"_links":{"self":[{"href":"https:\/\/blogdoedvaldomagalhaes.com.br\/index.php\/wp-json\/wp\/v2\/posts\/102523","targetHints":{"allow":["GET"]}}],"collection":[{"href":"https:\/\/blogdoedvaldomagalhaes.com.br\/index.php\/wp-json\/wp\/v2\/posts"}],"about":[{"href":"https:\/\/blogdoedvaldomagalhaes.com.br\/index.php\/wp-json\/wp\/v2\/types\/post"}],"author":[{"embeddable":true,"href":"https:\/\/blogdoedvaldomagalhaes.com.br\/index.php\/wp-json\/wp\/v2\/users\/1"}],"replies":[{"embeddable":true,"href":"https:\/\/blogdoedvaldomagalhaes.com.br\/index.php\/wp-json\/wp\/v2\/comments?post=102523"}],"version-history":[{"count":1,"href":"https:\/\/blogdoedvaldomagalhaes.com.br\/index.php\/wp-json\/wp\/v2\/posts\/102523\/revisions"}],"predecessor-version":[{"id":102525,"href":"https:\/\/blogdoedvaldomagalhaes.com.br\/index.php\/wp-json\/wp\/v2\/posts\/102523\/revisions\/102525"}],"wp:featuredmedia":[{"embeddable":true,"href":"https:\/\/blogdoedvaldomagalhaes.com.br\/index.php\/wp-json\/wp\/v2\/media\/102524"}],"wp:attachment":[{"href":"https:\/\/blogdoedvaldomagalhaes.com.br\/index.php\/wp-json\/wp\/v2\/media?parent=102523"}],"wp:term":[{"taxonomy":"category","embeddable":true,"href":"https:\/\/blogdoedvaldomagalhaes.com.br\/index.php\/wp-json\/wp\/v2\/categories?post=102523"},{"taxonomy":"post_tag","embeddable":true,"href":"https:\/\/blogdoedvaldomagalhaes.com.br\/index.php\/wp-json\/wp\/v2\/tags?post=102523"}],"curies":[{"name":"wp","href":"https:\/\/api.w.org\/{rel}","templated":true}]}}