{"id":102518,"date":"2023-11-03T19:28:11","date_gmt":"2023-11-03T22:28:11","guid":{"rendered":"https:\/\/blogdoedvaldomagalhaes.com.br\/?p=102518"},"modified":"2023-11-03T19:35:53","modified_gmt":"2023-11-03T22:35:53","slug":"morre-atriz-elizangela-do-amaral-vitima-de-infarto","status":"publish","type":"post","link":"https:\/\/blogdoedvaldomagalhaes.com.br\/index.php\/2023\/11\/03\/morre-atriz-elizangela-do-amaral-vitima-de-infarto\/","title":{"rendered":"Morre atriz Eliz\u00e2ngela do Amaral, v\u00edtima de infarto"},"content":{"rendered":"<p>Morreu nesta sexta-feira (03.11), a atriz Elizangela do Amaral, aos 68 anos de idade , \u00a0v\u00edtima de infarto, em Guapimirim (RJ), segundo o empres\u00e1rio, Lauro Santanna. Foi chamada a ambul\u00e2ncia do Samu, onde socorristas tentaram reanim\u00e1-la, mas ela n\u00e3o resistiu.<\/p>\n","protected":false},"excerpt":{"rendered":"<p>Morreu nesta sexta-feira (03.11), a atriz Elizangela do Amaral, aos 68 anos de idade , \u00a0v\u00edtima de infarto, em Guapimirim&hellip;<\/p>\n","protected":false},"author":1,"featured_media":102519,"comment_status":"closed","ping_status":"open","sticky":false,"template":"","format":"standard","meta":{"footnotes":""},"categories":[14120],"tags":[28803,2,28801,3406,29015],"class_list":["post-102518","post","type-post","status-publish","format-standard","has-post-thumbnail","hentry","category-noticias","tag-blog-com-mais-visualizacoes","tag-blog-do-edvaldo-magalhaes","tag-blog-mais-acessado","tag-caruaru","tag-morre-atriz-elizangela-do-amaral-vitima-de-infarto"],"_links":{"self":[{"href":"https:\/\/blogdoedvaldomagalhaes.com.br\/index.php\/wp-json\/wp\/v2\/posts\/102518","targetHints":{"allow":["GET"]}}],"collection":[{"href":"https:\/\/blogdoedvaldomagalhaes.com.br\/index.php\/wp-json\/wp\/v2\/posts"}],"about":[{"href":"https:\/\/blogdoedvaldomagalhaes.com.br\/index.php\/wp-json\/wp\/v2\/types\/post"}],"author":[{"embeddable":true,"href":"https:\/\/blogdoedvaldomagalhaes.com.br\/index.php\/wp-json\/wp\/v2\/users\/1"}],"replies":[{"embeddable":true,"href":"https:\/\/blogdoedvaldomagalhaes.com.br\/index.php\/wp-json\/wp\/v2\/comments?post=102518"}],"version-history":[{"count":2,"href":"https:\/\/blogdoedvaldomagalhaes.com.br\/index.php\/wp-json\/wp\/v2\/posts\/102518\/revisions"}],"predecessor-version":[{"id":102522,"href":"https:\/\/blogdoedvaldomagalhaes.com.br\/index.php\/wp-json\/wp\/v2\/posts\/102518\/revisions\/102522"}],"wp:featuredmedia":[{"embeddable":true,"href":"https:\/\/blogdoedvaldomagalhaes.com.br\/index.php\/wp-json\/wp\/v2\/media\/102519"}],"wp:attachment":[{"href":"https:\/\/blogdoedvaldomagalhaes.com.br\/index.php\/wp-json\/wp\/v2\/media?parent=102518"}],"wp:term":[{"taxonomy":"category","embeddable":true,"href":"https:\/\/blogdoedvaldomagalhaes.com.br\/index.php\/wp-json\/wp\/v2\/categories?post=102518"},{"taxonomy":"post_tag","embeddable":true,"href":"https:\/\/blogdoedvaldomagalhaes.com.br\/index.php\/wp-json\/wp\/v2\/tags?post=102518"}],"curies":[{"name":"wp","href":"https:\/\/api.w.org\/{rel}","templated":true}]}}