{"id":102515,"date":"2023-11-03T13:42:45","date_gmt":"2023-11-03T16:42:45","guid":{"rendered":"https:\/\/blogdoedvaldomagalhaes.com.br\/?p=102515"},"modified":"2023-11-03T13:42:46","modified_gmt":"2023-11-03T16:42:46","slug":"tjpe-anula-lei-municipal-que-concedia-gratuidade-no-transporte-coletivo-a-pessoas-entre-60-e-64-anos-em-caruaru","status":"publish","type":"post","link":"https:\/\/blogdoedvaldomagalhaes.com.br\/index.php\/2023\/11\/03\/tjpe-anula-lei-municipal-que-concedia-gratuidade-no-transporte-coletivo-a-pessoas-entre-60-e-64-anos-em-caruaru\/","title":{"rendered":"TJPE anula Lei Municipal que concedia gratuidade no transporte coletivo a pessoas entre 60 e 64 anos em Caruaru"},"content":{"rendered":"<p>O Tribunal de Justi\u00e7a de Pernambuco (TJPE) emitiu uma decis\u00e3o por unanimidade, anulando a Lei Municipal que garantia gratuidade no transporte coletivo urbano para pessoas com idades entre 60 e 64 anos em Caruaru. A a\u00e7\u00e3o foi contestada pelo Sindicato das Empresas de Transportes de Passageiros do Estado de Pernambuco, atrav\u00e9s de uma A\u00e7\u00e3o Direta de Inconstitucionalidade (ADI).<\/p>\n<p>A decis\u00e3o, que foi obtida pela Urbana e entra em vigor em 29 de janeiro de 2024, ap\u00f3s um prazo de 90 dias, conforme o ac\u00f3rd\u00e3o publicado pelo TJPE, para que empresas e usu\u00e1rios do transporte coletivo possam se ajustar \u00e0 nova determina\u00e7\u00e3o. \u00c9 importante ressaltar que Caruaru era a \u00fanica cidade do estado com essa legisla\u00e7\u00e3o, de autoria do ex-vereador Ant\u00f4nio Silva.<\/p>\n<p>&#8220;\u00c0 unanimidade de votos, julgou-se procedente a a\u00e7\u00e3o direta de inconstitucionalidade, indeferida a liminar, bem como, considerando a parcela da popula\u00e7\u00e3o beneficiada com a isen\u00e7\u00e3o tarif\u00e1ria, deve ser conferido o efeito ex-nunc \u00e0 decis\u00e3o, cujo prazo ser\u00e1 de 3 meses contado da publica\u00e7\u00e3o do ac\u00f3rd\u00e3o, para possibilitar ao munic\u00edpio de Caruaru a ado\u00e7\u00e3o das provid\u00eancias que entender necess\u00e1rias, nos termos do voto do relator&#8221;, diz trecho da decis\u00e3o. Imagem: Reprodu\u00e7\u00e3o\/ Internet.<\/p>\n<p>Siga o Instagram do Blog para comentar @blogdoedvaldomagalhaes<br \/>\nSe inscreva no canal do Blog no You Tube<\/p>\n","protected":false},"excerpt":{"rendered":"<p>O Tribunal de Justi\u00e7a de Pernambuco (TJPE) emitiu uma decis\u00e3o por unanimidade, anulando a Lei Municipal que garantia gratuidade no&hellip;<\/p>\n","protected":false},"author":1,"featured_media":102516,"comment_status":"closed","ping_status":"open","sticky":false,"template":"","format":"standard","meta":{"footnotes":""},"categories":[14120],"tags":[28803,2,28801,3406,29014],"class_list":["post-102515","post","type-post","status-publish","format-standard","has-post-thumbnail","hentry","category-noticias","tag-blog-com-mais-visualizacoes","tag-blog-do-edvaldo-magalhaes","tag-blog-mais-acessado","tag-caruaru","tag-tjpe-anula-lei-municipal-que-concedia-gratuidade-no-transporte-coletivo-a-pessoas-entre-60-e-64-anos-em-caruaru"],"_links":{"self":[{"href":"https:\/\/blogdoedvaldomagalhaes.com.br\/index.php\/wp-json\/wp\/v2\/posts\/102515","targetHints":{"allow":["GET"]}}],"collection":[{"href":"https:\/\/blogdoedvaldomagalhaes.com.br\/index.php\/wp-json\/wp\/v2\/posts"}],"about":[{"href":"https:\/\/blogdoedvaldomagalhaes.com.br\/index.php\/wp-json\/wp\/v2\/types\/post"}],"author":[{"embeddable":true,"href":"https:\/\/blogdoedvaldomagalhaes.com.br\/index.php\/wp-json\/wp\/v2\/users\/1"}],"replies":[{"embeddable":true,"href":"https:\/\/blogdoedvaldomagalhaes.com.br\/index.php\/wp-json\/wp\/v2\/comments?post=102515"}],"version-history":[{"count":1,"href":"https:\/\/blogdoedvaldomagalhaes.com.br\/index.php\/wp-json\/wp\/v2\/posts\/102515\/revisions"}],"predecessor-version":[{"id":102517,"href":"https:\/\/blogdoedvaldomagalhaes.com.br\/index.php\/wp-json\/wp\/v2\/posts\/102515\/revisions\/102517"}],"wp:featuredmedia":[{"embeddable":true,"href":"https:\/\/blogdoedvaldomagalhaes.com.br\/index.php\/wp-json\/wp\/v2\/media\/102516"}],"wp:attachment":[{"href":"https:\/\/blogdoedvaldomagalhaes.com.br\/index.php\/wp-json\/wp\/v2\/media?parent=102515"}],"wp:term":[{"taxonomy":"category","embeddable":true,"href":"https:\/\/blogdoedvaldomagalhaes.com.br\/index.php\/wp-json\/wp\/v2\/categories?post=102515"},{"taxonomy":"post_tag","embeddable":true,"href":"https:\/\/blogdoedvaldomagalhaes.com.br\/index.php\/wp-json\/wp\/v2\/tags?post=102515"}],"curies":[{"name":"wp","href":"https:\/\/api.w.org\/{rel}","templated":true}]}}