{"id":102512,"date":"2023-11-03T13:35:10","date_gmt":"2023-11-03T16:35:10","guid":{"rendered":"https:\/\/blogdoedvaldomagalhaes.com.br\/?p=102512"},"modified":"2023-11-03T13:35:11","modified_gmt":"2023-11-03T16:35:11","slug":"prf-e-pm-com-ajuda-de-caes-apreendem-cocaina-estimada-em-r-1-milhao-em-caruaru","status":"publish","type":"post","link":"https:\/\/blogdoedvaldomagalhaes.com.br\/index.php\/2023\/11\/03\/prf-e-pm-com-ajuda-de-caes-apreendem-cocaina-estimada-em-r-1-milhao-em-caruaru\/","title":{"rendered":"PRF e PM com ajuda de c\u00e3es apreendem coca\u00edna estimada em R$ 1 milh\u00e3o, em Caruaru"},"content":{"rendered":"<p>A Pol\u00edcia Rodovi\u00e1ria Federal (PRF) em a\u00e7\u00e3o integrada com a Pol\u00edcia Militar (PM) apreendeu, na manh\u00e3 desta sexta (03), 11,8 kg de subst\u00e2ncia com caracter\u00edstica semelhante a cloridrato de coca\u00edna. A droga estava escondida dentro de um ve\u00edculo Renault\/Duster que foi abordado na BR-104, no munic\u00edpio de Caruaru.<\/p>\n<p>O carro chamou a aten\u00e7\u00e3o dos policiais por estar em velocidade acima do permitido. O motorista se mostrou nervoso diante da presen\u00e7a dos agentes e ainda apresentou vers\u00f5es diferentes quanto \u00e0 viagem. Diante da suspeita de que algo il\u00edcito estava sendo levado no ve\u00edculo, os PRFs acionaram a equipe do canil do \u00a0Batalh\u00e3o Integrado Especializado (BIEsp) da Pol\u00edcia Militar.<\/p>\n<p>Foram os c\u00e3es farejadores que sinalizaram que a droga estava no painel do carro. L\u00e1 os agentes encontraram 11 tabletes. No total, foram 11.8 kg do que parece ser cloridrato de coca\u00edna. Com a apreens\u00e3o, as pol\u00edcias deram um preju\u00edzo de cerca de R$ 300 mil ao tr\u00e1fico de drogas.<\/p>\n<p>O motorista disse aos policiais que era o dono da mercadoria il\u00edcita, pagou em esp\u00e9cie, mas n\u00e3o deu detalhes sobre a origem do dinheiro e a quem estava destinada a droga. Ele e o entorpecente foram levados para a Delegacia de Pol\u00edcia Civil em Caruaru, onde ser\u00e1 investigada a poss\u00edvel pr\u00e1tica de tr\u00e1fico de drogas. Foto: Divulga\u00e7\u00e3o.<\/p>\n<p>Siga o Instagram do Blog @blogdoedvaldomagalhaes<br \/>\nSe inscreva no canal do Blog no You Tube<\/p>\n","protected":false},"excerpt":{"rendered":"<p>A Pol\u00edcia Rodovi\u00e1ria Federal (PRF) em a\u00e7\u00e3o integrada com a Pol\u00edcia Militar (PM) apreendeu, na manh\u00e3 desta sexta (03), 11,8&hellip;<\/p>\n","protected":false},"author":1,"featured_media":102513,"comment_status":"closed","ping_status":"open","sticky":false,"template":"","format":"standard","meta":{"footnotes":""},"categories":[14121],"tags":[28803,2,28801,3406,29013],"class_list":["post-102512","post","type-post","status-publish","format-standard","has-post-thumbnail","hentry","category-policial","tag-blog-com-mais-visualizacoes","tag-blog-do-edvaldo-magalhaes","tag-blog-mais-acessado","tag-caruaru","tag-prf-e-pm-com-ajuda-de-caes-apreendem-cocaina-estimada-em-r-1-milhao-em-caruaru"],"_links":{"self":[{"href":"https:\/\/blogdoedvaldomagalhaes.com.br\/index.php\/wp-json\/wp\/v2\/posts\/102512","targetHints":{"allow":["GET"]}}],"collection":[{"href":"https:\/\/blogdoedvaldomagalhaes.com.br\/index.php\/wp-json\/wp\/v2\/posts"}],"about":[{"href":"https:\/\/blogdoedvaldomagalhaes.com.br\/index.php\/wp-json\/wp\/v2\/types\/post"}],"author":[{"embeddable":true,"href":"https:\/\/blogdoedvaldomagalhaes.com.br\/index.php\/wp-json\/wp\/v2\/users\/1"}],"replies":[{"embeddable":true,"href":"https:\/\/blogdoedvaldomagalhaes.com.br\/index.php\/wp-json\/wp\/v2\/comments?post=102512"}],"version-history":[{"count":1,"href":"https:\/\/blogdoedvaldomagalhaes.com.br\/index.php\/wp-json\/wp\/v2\/posts\/102512\/revisions"}],"predecessor-version":[{"id":102514,"href":"https:\/\/blogdoedvaldomagalhaes.com.br\/index.php\/wp-json\/wp\/v2\/posts\/102512\/revisions\/102514"}],"wp:featuredmedia":[{"embeddable":true,"href":"https:\/\/blogdoedvaldomagalhaes.com.br\/index.php\/wp-json\/wp\/v2\/media\/102513"}],"wp:attachment":[{"href":"https:\/\/blogdoedvaldomagalhaes.com.br\/index.php\/wp-json\/wp\/v2\/media?parent=102512"}],"wp:term":[{"taxonomy":"category","embeddable":true,"href":"https:\/\/blogdoedvaldomagalhaes.com.br\/index.php\/wp-json\/wp\/v2\/categories?post=102512"},{"taxonomy":"post_tag","embeddable":true,"href":"https:\/\/blogdoedvaldomagalhaes.com.br\/index.php\/wp-json\/wp\/v2\/tags?post=102512"}],"curies":[{"name":"wp","href":"https:\/\/api.w.org\/{rel}","templated":true}]}}