{"id":102509,"date":"2023-11-03T13:24:31","date_gmt":"2023-11-03T16:24:31","guid":{"rendered":"https:\/\/blogdoedvaldomagalhaes.com.br\/?p=102509"},"modified":"2023-11-03T13:24:33","modified_gmt":"2023-11-03T16:24:33","slug":"lbv-lanca-campanha-com-acoes-emergenciais-de-combate-a-fome-em-pernambuco","status":"publish","type":"post","link":"https:\/\/blogdoedvaldomagalhaes.com.br\/index.php\/2023\/11\/03\/lbv-lanca-campanha-com-acoes-emergenciais-de-combate-a-fome-em-pernambuco\/","title":{"rendered":"LBV lan\u00e7a campanha com a\u00e7\u00f5es emergenciais de combate \u00e0 fome em Pernambuco"},"content":{"rendered":"<p>De acordo com o Relat\u00f3rio sobre o Estado da Seguran\u00e7a Alimentar e Nutri\u00e7\u00e3o no Mundo (SOFI), publicado em conjunto por cinco ag\u00eancias especializadas das Na\u00e7\u00f5es Unidas, mais de 70 milh\u00f5es de brasileiros vivem todos os dias a inseguran\u00e7a alimentar moderada ou grave, ou seja, n\u00e3o t\u00eam acesso \u00e0 quantidade de alimentos suficientes para sua devida nutri\u00e7\u00e3o. E 20 milh\u00f5es dessas pessoas convivem com a inseguran\u00e7a alimentar grave: acordam todos os dias sem saber se ter\u00e3o uma refei\u00e7\u00e3o sequer.<br \/>\nPor isso, a Legi\u00e3o da Boa Vontade (LBV), Entidade beneficente que atua nas \u00e1reas da Assist\u00eancia Social e da Educa\u00e7\u00e3o, promove em todo o pa\u00eds, in\u00fameras a\u00e7\u00f5es de combate \u00e0 fome voltadas a pessoas e fam\u00edlias em vulnerabilidade social.<br \/>\nA Institui\u00e7\u00e3o lan\u00e7ou uma meta de realizar, de setembro a dezembro, um milh\u00e3o e meio de refei\u00e7\u00f5es em suas mais de 80 unidades de atendimento, al\u00e9m de mobilizar doa\u00e7\u00f5es de alimentos para compor as 50 mil cestas de mantimentos a serem entregues no Natal a fam\u00edlias em mais de 200 cidades brasileiras.<br \/>\nA Solidariedade \u00e9 fundamental para a concretiza\u00e7\u00e3o dessas metas e, acima de tudo, para garantir o alimento \u00e0 mesa dos que mais precisam de ajuda.<br \/>\nEm Pernambuco, o roteiro solid\u00e1rio da mobiliza\u00e7\u00e3o solid\u00e1ria natalina, vai beneficiar 1. 862 fam\u00edlias em situa\u00e7\u00e3o de vulnerabilidade social em comunidades rurais, de recicladores, quilombolas e povos origin\u00e1rios com mais de 38 toneladas em cestas de alimentos.<br \/>\nS\u00e3o elas:<br \/>\nArcoverde, Camaragibe, Moreno, Olinda, Paulista, Pedra,Petrolina,Tupanatinga e o Recife.<br \/>\nA fome \u00e9 di\u00e1ria. O nosso trabalho tamb\u00e9m!<br \/>\nCada cesta \u00e9 composta de arroz, feij\u00e3o, a\u00e7\u00facar, caf\u00e9, leite em p\u00f3, \u00f3leo de soja, farinha de mandioca, macarr\u00e3o, fub\u00e1, farinha de milho, extrato de tomate, biscoito e sal, totalizando mais de 20 quilos.<br \/>\nPor isso, toda ajuda \u00e9 muito bem-vinda e h\u00e1 v\u00e1rias formas de colaborar: pelo site www.lbv.org.br; via pix@lbv.org.br; ou entregando as doa\u00e7\u00f5es em nossa Unidade no Recife localizada no Bairro dos Coelhos situada \u00e0 Rua dos Coelhos, 219 \u2013 Coelhos \u2013 Informa\u00e7\u00f5es pelo telefone: (81) 3413.8601. Foto: Divulga\u00e7\u00e3o.<\/p>\n<p>Siga o Instagram do Blog @blogdoedvaldomagalhaes<br \/>\nSe inscreva no canal do Blog no You Tube<\/p>\n","protected":false},"excerpt":{"rendered":"<p>De acordo com o Relat\u00f3rio sobre o Estado da Seguran\u00e7a Alimentar e Nutri\u00e7\u00e3o no Mundo (SOFI), publicado em conjunto por&hellip;<\/p>\n","protected":false},"author":1,"featured_media":102510,"comment_status":"closed","ping_status":"open","sticky":false,"template":"","format":"standard","meta":{"footnotes":""},"categories":[14120],"tags":[28803,2,28801,3406,29012],"class_list":["post-102509","post","type-post","status-publish","format-standard","has-post-thumbnail","hentry","category-noticias","tag-blog-com-mais-visualizacoes","tag-blog-do-edvaldo-magalhaes","tag-blog-mais-acessado","tag-caruaru","tag-lbv-lanca-campanha-com-acoes-emergenciais-de-combate-a-fome-em-pernambuco"],"_links":{"self":[{"href":"https:\/\/blogdoedvaldomagalhaes.com.br\/index.php\/wp-json\/wp\/v2\/posts\/102509","targetHints":{"allow":["GET"]}}],"collection":[{"href":"https:\/\/blogdoedvaldomagalhaes.com.br\/index.php\/wp-json\/wp\/v2\/posts"}],"about":[{"href":"https:\/\/blogdoedvaldomagalhaes.com.br\/index.php\/wp-json\/wp\/v2\/types\/post"}],"author":[{"embeddable":true,"href":"https:\/\/blogdoedvaldomagalhaes.com.br\/index.php\/wp-json\/wp\/v2\/users\/1"}],"replies":[{"embeddable":true,"href":"https:\/\/blogdoedvaldomagalhaes.com.br\/index.php\/wp-json\/wp\/v2\/comments?post=102509"}],"version-history":[{"count":1,"href":"https:\/\/blogdoedvaldomagalhaes.com.br\/index.php\/wp-json\/wp\/v2\/posts\/102509\/revisions"}],"predecessor-version":[{"id":102511,"href":"https:\/\/blogdoedvaldomagalhaes.com.br\/index.php\/wp-json\/wp\/v2\/posts\/102509\/revisions\/102511"}],"wp:featuredmedia":[{"embeddable":true,"href":"https:\/\/blogdoedvaldomagalhaes.com.br\/index.php\/wp-json\/wp\/v2\/media\/102510"}],"wp:attachment":[{"href":"https:\/\/blogdoedvaldomagalhaes.com.br\/index.php\/wp-json\/wp\/v2\/media?parent=102509"}],"wp:term":[{"taxonomy":"category","embeddable":true,"href":"https:\/\/blogdoedvaldomagalhaes.com.br\/index.php\/wp-json\/wp\/v2\/categories?post=102509"},{"taxonomy":"post_tag","embeddable":true,"href":"https:\/\/blogdoedvaldomagalhaes.com.br\/index.php\/wp-json\/wp\/v2\/tags?post=102509"}],"curies":[{"name":"wp","href":"https:\/\/api.w.org\/{rel}","templated":true}]}}