{"id":102504,"date":"2023-11-02T22:08:48","date_gmt":"2023-11-03T01:08:48","guid":{"rendered":"https:\/\/blogdoedvaldomagalhaes.com.br\/?p=102504"},"modified":"2023-11-02T22:44:59","modified_gmt":"2023-11-03T01:44:59","slug":"educacao-de-qualidade-social-por-professor-roberto-peixoto","status":"publish","type":"post","link":"https:\/\/blogdoedvaldomagalhaes.com.br\/index.php\/2023\/11\/02\/educacao-de-qualidade-social-por-professor-roberto-peixoto\/","title":{"rendered":"Educa\u00e7\u00e3o de qualidade social &#8211; por Professor Roberto Peixoto"},"content":{"rendered":"<p><span style=\"font-size: revert;\">A &#8220;educa\u00e7\u00e3o de qualidade social&#8221; refere-se a um sistema educacional que visa proporcionar a todos os membros de uma sociedade acesso igualit\u00e1rio a oportunidades de aprendizagem de alta qualidade, independentemente de sua origem social, econ\u00f4mica ou \u00e9tnica. Esse conceito est\u00e1 enraizado na ideia de justi\u00e7a social e equidade na educa\u00e7\u00e3o, buscando garantir que todos os indiv\u00edduos tenham as mesmas chances de desenvolver seu potencial e contribuir para o bem-estar da sociedade.<\/span><\/p>\n<p>A educa\u00e7\u00e3o de qualidade social envolve v\u00e1rios princ\u00edpios e objetivos, tais como o acesso universal: Garantir que todas as crian\u00e7as, adolescentes e adultos tenham acesso \u00e0 educa\u00e7\u00e3o, independentemente de sua situa\u00e7\u00e3o socioecon\u00f4mica, local de resid\u00eancia, g\u00eanero, ra\u00e7a ou outras caracter\u00edsticas pessoais.<br \/>\nN\u00e3o ser\u00e1 de qualidade social uma educa\u00e7\u00e3o que n\u00e3o objetive a igualdade de oportunidades na educa\u00e7\u00e3o, eliminando desigualdades e discrimina\u00e7\u00e3o, de modo a permitir que todos os alunos tenham as mesmas chances de sucesso. Na qualidade pedag\u00f3gica do trabalho educacional est\u00e1 o cerne de uma educa\u00e7\u00e3o de alta qualidade que estimule o pensamento cr\u00edtico, a criatividade, a resolu\u00e7\u00e3o de problemas e o desenvolvimento de habilidades relevantes para a vida no s\u00e9culo XXI.<br \/>\nPromover a ideia de que a educa\u00e7\u00e3o \u00e9 um processo cont\u00ednuo que n\u00e3o se limita apenas \u00e0 inf\u00e2ncia e adolesc\u00eancia, mas que deve ser acess\u00edvel ao longo da vida, como j\u00e1 prescreve a legisla\u00e7\u00e3o educacional. O adulto vai poder buscar a escola e encontrar, quem sabe, um modelo diferenciado que permita conciliar estudo com a vida de pai, de m\u00e3e, de algu\u00e9m inserido no mundo do trabalho, que tem ritmo diferente de aprendizagem. E essa escola vai ter que se organizar para atender este p\u00fablico que precisa de uma escola com um novo curr\u00edculo, uma nova proposta pedag\u00f3gica.<br \/>\nN\u00e3o se faz educa\u00e7\u00e3o de qualidade social sem a participa\u00e7\u00e3o da comunidade. Envolver pais, comunidades locais e outras partes interessadas na tomada de decis\u00f5es e na melhoria do sistema educacional. Portanto, t\u00e3o importante quanto os demais elementos citados \u00e9 o da gest\u00e3o democr\u00e1tica na escola. Todos os interessados na institui\u00e7\u00e3o educacional t\u00eam a oportunidade de participar ativamente nas decis\u00f5es que afetam a institui\u00e7\u00e3o. Isso inclui a elabora\u00e7\u00e3o de pol\u00edticas escolares, planejamento curricular e defini\u00e7\u00e3o de metas e prioridades. \u00c9 um elemento de perspectiva legal na Lei 9394\/96, mas precisa acontecer na pr\u00e1tica dos educadores a partir do Projeto Pol\u00edtico Pedag\u00f3gico da Escola.<\/p>\n<p>A escola e a educa\u00e7\u00e3o de qualidade social precisam ser inclusivas. Precisam garantir que alunos com necessidades especiais, de diferentes origens, minorias e culturais, bem como aqueles em situa\u00e7\u00e3o de vulnerabilidade, recebam apoio e sejam inclu\u00eddos no sistema educacional.<br \/>\nA partir da d\u00e9cada de 90 j\u00e1 come\u00e7amos a implementar sistemas avan\u00e7ados de avalia\u00e7\u00e3o do desempenho dos alunos, dos professores e das escolas, bem como prestar contas \u00e0 sociedade sobre os resultados educacionais. \u00c9 necess\u00e1rio lembra que a \u201ceduca\u00e7\u00e3o \u00e9 um direito de todos e uma obriga\u00e7\u00e3o do Estado. N\u00e3o adianta apenas universalizar a educa\u00e7\u00e3o b\u00e1sica, \u00e9 necess\u00e1rio que os alunos verdadeiramente aprendam e a sociedade que contribui para esse processo tenha a visibilidade necess\u00e1ria do que acontece. Se os alunos n\u00e3o aprendem isso \u00e9 um \u201cestelionato pedag\u00f3gico\u201d.<br \/>\nA busca por uma educa\u00e7\u00e3o de qualidade social \u00e9 um objetivo importante em muitas partes do mundo, pois acredita-se que uma educa\u00e7\u00e3o equitativa e de alta qualidade \u00e9 fundamental para reduzir as desigualdades sociais, promover o desenvolvimento econ\u00f4mico e social, e construir sociedades mais justas e inclusivas. Para essa meta, pol\u00edticas educacionais, investimentos adequados e o comprometimento de toda a sociedade s\u00e3o fundamentais. Estamos \u00e0s v\u00e9speras de uma Confer\u00eancia Nacional de Educa\u00e7\u00e3o (CONAE) e teremos um novo Plano Nacional de Educa\u00e7\u00e3o, surge uma esperan\u00e7a que essa educa\u00e7\u00e3o de qualidade social aconte\u00e7a entre n\u00f3s!<br \/>\nRoberto Peixoto \u00e9 Prof. Universit\u00e1rio.<\/p>\n<p>Foto: Banco de dados.<\/p>\n<p>Siga o Instagram do Blog para comentar @blogdoedvaldomagalhaes<\/p>\n<p>Se inscreva no canal do Blog no YouTube<\/p>\n","protected":false},"excerpt":{"rendered":"<p>A &#8220;educa\u00e7\u00e3o de qualidade social&#8221; refere-se a um sistema educacional que visa proporcionar a todos os membros de uma sociedade&hellip;<\/p>\n","protected":false},"author":1,"featured_media":102505,"comment_status":"closed","ping_status":"open","sticky":false,"template":"","format":"standard","meta":{"footnotes":""},"categories":[14120],"tags":[28803,2,28801,3406,29011],"class_list":["post-102504","post","type-post","status-publish","format-standard","has-post-thumbnail","hentry","category-noticias","tag-blog-com-mais-visualizacoes","tag-blog-do-edvaldo-magalhaes","tag-blog-mais-acessado","tag-caruaru","tag-educacao-de-qualidade-social-por-professor-roberto-peixoto"],"_links":{"self":[{"href":"https:\/\/blogdoedvaldomagalhaes.com.br\/index.php\/wp-json\/wp\/v2\/posts\/102504","targetHints":{"allow":["GET"]}}],"collection":[{"href":"https:\/\/blogdoedvaldomagalhaes.com.br\/index.php\/wp-json\/wp\/v2\/posts"}],"about":[{"href":"https:\/\/blogdoedvaldomagalhaes.com.br\/index.php\/wp-json\/wp\/v2\/types\/post"}],"author":[{"embeddable":true,"href":"https:\/\/blogdoedvaldomagalhaes.com.br\/index.php\/wp-json\/wp\/v2\/users\/1"}],"replies":[{"embeddable":true,"href":"https:\/\/blogdoedvaldomagalhaes.com.br\/index.php\/wp-json\/wp\/v2\/comments?post=102504"}],"version-history":[{"count":1,"href":"https:\/\/blogdoedvaldomagalhaes.com.br\/index.php\/wp-json\/wp\/v2\/posts\/102504\/revisions"}],"predecessor-version":[{"id":102506,"href":"https:\/\/blogdoedvaldomagalhaes.com.br\/index.php\/wp-json\/wp\/v2\/posts\/102504\/revisions\/102506"}],"wp:featuredmedia":[{"embeddable":true,"href":"https:\/\/blogdoedvaldomagalhaes.com.br\/index.php\/wp-json\/wp\/v2\/media\/102505"}],"wp:attachment":[{"href":"https:\/\/blogdoedvaldomagalhaes.com.br\/index.php\/wp-json\/wp\/v2\/media?parent=102504"}],"wp:term":[{"taxonomy":"category","embeddable":true,"href":"https:\/\/blogdoedvaldomagalhaes.com.br\/index.php\/wp-json\/wp\/v2\/categories?post=102504"},{"taxonomy":"post_tag","embeddable":true,"href":"https:\/\/blogdoedvaldomagalhaes.com.br\/index.php\/wp-json\/wp\/v2\/tags?post=102504"}],"curies":[{"name":"wp","href":"https:\/\/api.w.org\/{rel}","templated":true}]}}