{"id":1025,"date":"2018-10-10T23:14:00","date_gmt":"2018-10-11T02:14:00","guid":{"rendered":"http:\/\/blogdoedvaldomagalhaes.com.br\/index.php\/2018\/10\/10\/motociclista-e-preso-apos-fugir-em-alta\/"},"modified":"2019-02-09T02:34:48","modified_gmt":"2019-02-09T04:34:48","slug":"motociclista-e-preso-apos-fugir-em-alta","status":"publish","type":"post","link":"https:\/\/blogdoedvaldomagalhaes.com.br\/index.php\/2018\/10\/10\/motociclista-e-preso-apos-fugir-em-alta\/","title":{"rendered":"Motociclista \u00e9 preso ap\u00f3s fugir em alta velocidade de fiscaliza\u00e7\u00e3o na BR-104 em Caruaru"},"content":{"rendered":"<div class=\"separator\" style=\"clear: both; text-align: center;\">\n<a href=\"https:\/\/1.bp.blogspot.com\/-YexuxuJCY4A\/W76HyjYJe9I\/AAAAAAAA7mg\/XE8VGhiPYr4oZDCCX7cE1BicmkB1CRwXgCLcBGAs\/s1600\/prf.jpeg\" imageanchor=\"1\" style=\"margin-left: 1em; margin-right: 1em;\"><img loading=\"lazy\" decoding=\"async\" border=\"0\" data-original-height=\"281\" data-original-width=\"500\" height=\"354\" src=\"http:\/\/blogdoedvaldomagalhaes.com.br\/wp-content\/uploads\/2018\/10\/prf.jpeg\" width=\"640\" \/><\/a><\/div>\n<div class=\"separator\" style=\"clear: both; text-align: center;\">\nFoto: PRF\/Divulga\u00e7\u00e3o<\/div>\n<div style=\"text-align: justify;\">\n<\/div>\n<div style=\"text-align: justify;\">\nUm jovem de 21 anos foi preso pela Pol\u00edcia Rodovi\u00e1ria Federal (PRF) na BR-104, em Caruaru, no Agreste pernambucano. Ele desobedeceu a ordem de parada e fugiu em alta velocidade para n\u00e3o ser abordado.<\/div>\n<div style=\"text-align: justify;\">\n<\/div>\n<div style=\"text-align: justify;\">\nAgentes da PRF realizavam uma a\u00e7\u00e3o de policiamento na rodovia, quando deram ordem da parada a um motociclista, que acelerou e tentou se evadir da fiscaliza\u00e7\u00e3o. A equipe saiu em acompanhamento t\u00e1tico, quando o jovem adentrou na via urbana, realizando diversas ultrapassagens indevidas, transitando inclusive pela cal\u00e7ada.<\/div>\n<div style=\"text-align: justify;\">\n<\/div>\n<div style=\"text-align: justify;\">\nAp\u00f3s cometer diversas infra\u00e7\u00f5es de tr\u00e2nsito, a equipe de motopoliciamento conseguiu abord\u00e1-lo e efetuar a pris\u00e3o. Ao realizar a consulta do ve\u00edculo, foi constatado que o licenciamento de 2016 e 2017 estava em atraso e que havia diversas multas em aberto, totalizando um d\u00e9bito de 3.926 reais. Al\u00e9m disso, o condutor era inabilitado.<\/div>\n<div style=\"text-align: justify;\">\n<\/div>\n<div style=\"text-align: justify;\">\nA motocicleta foi recolhida para o p\u00e1tio at\u00e9 que o propriet\u00e1rio regularize o pagamento dos impostos e o condutor foi encaminhado \u00e0 Delegacia de Pol\u00edcia Civil de Caruaru.<\/p>\n<p>Fonte: R\u00e1dio Liberdade.<\/p><\/div>\n<div style=\"text-align: justify;\">\n<\/div>\n","protected":false},"excerpt":{"rendered":"<p>Foto: PRF\/Divulga\u00e7\u00e3o Um jovem de 21 anos foi preso pela Pol\u00edcia Rodovi\u00e1ria Federal (PRF) na BR-104, em Caruaru, no Agreste&hellip;<\/p>\n","protected":false},"author":1,"featured_media":0,"comment_status":"open","ping_status":"open","sticky":false,"template":"","format":"standard","meta":{"footnotes":""},"categories":[1],"tags":[2,960,13],"class_list":["post-1025","post","type-post","status-publish","format-standard","hentry","category-sem-categoria","tag-blog-do-edvaldo-magalhaes","tag-motociclista-e-preso-apos-fugir-em-alta-velocidade-de-fiscalizacao-na-br-104-em-caruaru","tag-policial"],"_links":{"self":[{"href":"https:\/\/blogdoedvaldomagalhaes.com.br\/index.php\/wp-json\/wp\/v2\/posts\/1025","targetHints":{"allow":["GET"]}}],"collection":[{"href":"https:\/\/blogdoedvaldomagalhaes.com.br\/index.php\/wp-json\/wp\/v2\/posts"}],"about":[{"href":"https:\/\/blogdoedvaldomagalhaes.com.br\/index.php\/wp-json\/wp\/v2\/types\/post"}],"author":[{"embeddable":true,"href":"https:\/\/blogdoedvaldomagalhaes.com.br\/index.php\/wp-json\/wp\/v2\/users\/1"}],"replies":[{"embeddable":true,"href":"https:\/\/blogdoedvaldomagalhaes.com.br\/index.php\/wp-json\/wp\/v2\/comments?post=1025"}],"version-history":[{"count":1,"href":"https:\/\/blogdoedvaldomagalhaes.com.br\/index.php\/wp-json\/wp\/v2\/posts\/1025\/revisions"}],"predecessor-version":[{"id":34853,"href":"https:\/\/blogdoedvaldomagalhaes.com.br\/index.php\/wp-json\/wp\/v2\/posts\/1025\/revisions\/34853"}],"wp:attachment":[{"href":"https:\/\/blogdoedvaldomagalhaes.com.br\/index.php\/wp-json\/wp\/v2\/media?parent=1025"}],"wp:term":[{"taxonomy":"category","embeddable":true,"href":"https:\/\/blogdoedvaldomagalhaes.com.br\/index.php\/wp-json\/wp\/v2\/categories?post=1025"},{"taxonomy":"post_tag","embeddable":true,"href":"https:\/\/blogdoedvaldomagalhaes.com.br\/index.php\/wp-json\/wp\/v2\/tags?post=1025"}],"curies":[{"name":"wp","href":"https:\/\/api.w.org\/{rel}","templated":true}]}}