{"id":102497,"date":"2023-11-02T21:16:54","date_gmt":"2023-11-03T00:16:54","guid":{"rendered":"https:\/\/blogdoedvaldomagalhaes.com.br\/?p=102497"},"modified":"2023-11-02T21:36:07","modified_gmt":"2023-11-03T00:36:07","slug":"quatro-criancas-morrem-afogadas-na-zona-rural-de-capoeiras","status":"publish","type":"post","link":"https:\/\/blogdoedvaldomagalhaes.com.br\/index.php\/2023\/11\/02\/quatro-criancas-morrem-afogadas-na-zona-rural-de-capoeiras\/","title":{"rendered":"Quatro crian\u00e7as morrem afogadas na zona rural de Capoeiras"},"content":{"rendered":"<p>Quatro crian\u00e7as, sendo dois meninos e duas meninas, morreram afogadas por volta das 14h desta quinta-feira (02.11), quando estavam tomando banho em um a\u00e7ude no s\u00edtio Junco, zona rural de Capoeiras, no Agreste de Pernambuco. Tr\u00eas v\u00edtimas s\u00e3o da mesma fam\u00edlia. Uma <span style=\"font-size: revert\">delas se afogou, quando as outras tr\u00eas crian\u00e7as tentaram ajudar, acabaram afogando junto.<\/span><\/p>\n<p>\u00c0s v\u00edtimas foram Pedro Lucas, Carlos, Sarah Vit\u00f3ria e Beatriz, de 04, 10, 13 e 14 anos, respectivamente, que vieram a \u00f3bito. O corpos foram retirados da \u00e1gua por populares.<\/p>\n<p>Equipes da Pol\u00edcia Civil, Cient\u00edfica e Militar estiveram no local e ap\u00f3s os procedimentos de praxe, encaminharam os corpos para o IML de Caruaru. <span style=\"font-size: revert\">Foto: Reprodu\u00e7\u00e3o\/WhatsApp.<\/span><\/p>\n<p>Siga o Instagram do Blog para comentar @blogdoedvaldomagalhaes<br \/>\nSe inscreva no canal do Blog no You Tube<\/p>\n<p><img loading=\"lazy\" decoding=\"async\" src=\"https:\/\/blogdoedvaldomagalhaes.com.br\/wp-content\/uploads\/2023\/11\/29636a5c-0541-443a-9559-8ac973e5e9d5.jpg\" class=\"size-full wp-image-102502\" width=\"720\" height=\"530\" srcset=\"https:\/\/blogdoedvaldomagalhaes.com.br\/wp-content\/uploads\/2023\/11\/29636a5c-0541-443a-9559-8ac973e5e9d5.jpg 720w, https:\/\/blogdoedvaldomagalhaes.com.br\/wp-content\/uploads\/2023\/11\/29636a5c-0541-443a-9559-8ac973e5e9d5-300x221.jpg 300w\" sizes=\"auto, (max-width: 720px) 100vw, 720px\" \/><\/p>\n","protected":false},"excerpt":{"rendered":"<p>Quatro crian\u00e7as, sendo dois meninos e duas meninas, morreram afogadas por volta das 14h desta quinta-feira (02.11), quando estavam tomando&hellip;<\/p>\n","protected":false},"author":1,"featured_media":102498,"comment_status":"closed","ping_status":"open","sticky":false,"template":"","format":"standard","meta":{"footnotes":""},"categories":[14120],"tags":[28925,2,28801,29010],"class_list":["post-102497","post","type-post","status-publish","format-standard","has-post-thumbnail","hentry","category-noticias","tag-blog-comamos-visualizacoes","tag-blog-do-edvaldo-magalhaes","tag-blog-mais-acessado","tag-quatro-criancas-morrem-afogadas-na-zona-rural-de-capoeiras"],"_links":{"self":[{"href":"https:\/\/blogdoedvaldomagalhaes.com.br\/index.php\/wp-json\/wp\/v2\/posts\/102497","targetHints":{"allow":["GET"]}}],"collection":[{"href":"https:\/\/blogdoedvaldomagalhaes.com.br\/index.php\/wp-json\/wp\/v2\/posts"}],"about":[{"href":"https:\/\/blogdoedvaldomagalhaes.com.br\/index.php\/wp-json\/wp\/v2\/types\/post"}],"author":[{"embeddable":true,"href":"https:\/\/blogdoedvaldomagalhaes.com.br\/index.php\/wp-json\/wp\/v2\/users\/1"}],"replies":[{"embeddable":true,"href":"https:\/\/blogdoedvaldomagalhaes.com.br\/index.php\/wp-json\/wp\/v2\/comments?post=102497"}],"version-history":[{"count":3,"href":"https:\/\/blogdoedvaldomagalhaes.com.br\/index.php\/wp-json\/wp\/v2\/posts\/102497\/revisions"}],"predecessor-version":[{"id":102503,"href":"https:\/\/blogdoedvaldomagalhaes.com.br\/index.php\/wp-json\/wp\/v2\/posts\/102497\/revisions\/102503"}],"wp:featuredmedia":[{"embeddable":true,"href":"https:\/\/blogdoedvaldomagalhaes.com.br\/index.php\/wp-json\/wp\/v2\/media\/102498"}],"wp:attachment":[{"href":"https:\/\/blogdoedvaldomagalhaes.com.br\/index.php\/wp-json\/wp\/v2\/media?parent=102497"}],"wp:term":[{"taxonomy":"category","embeddable":true,"href":"https:\/\/blogdoedvaldomagalhaes.com.br\/index.php\/wp-json\/wp\/v2\/categories?post=102497"},{"taxonomy":"post_tag","embeddable":true,"href":"https:\/\/blogdoedvaldomagalhaes.com.br\/index.php\/wp-json\/wp\/v2\/tags?post=102497"}],"curies":[{"name":"wp","href":"https:\/\/api.w.org\/{rel}","templated":true}]}}