{"id":102491,"date":"2023-11-02T19:04:28","date_gmt":"2023-11-02T22:04:28","guid":{"rendered":"https:\/\/blogdoedvaldomagalhaes.com.br\/?p=102491"},"modified":"2023-11-02T19:28:31","modified_gmt":"2023-11-02T22:28:31","slug":"caruaru-sediara-campeonato-de-futebol-infantil-com-mais-de-1-000-atletas-neste-fim-de-semana","status":"publish","type":"post","link":"https:\/\/blogdoedvaldomagalhaes.com.br\/index.php\/2023\/11\/02\/caruaru-sediara-campeonato-de-futebol-infantil-com-mais-de-1-000-atletas-neste-fim-de-semana\/","title":{"rendered":"Caruaru sediar\u00e1 campeonato de futebol infantil com mais de 1.000 atletas neste fim de semana"},"content":{"rendered":"<p>Este fim de semana ser\u00e1 com muito futebol na Capital do Agreste. Nos dias 3, 4 e 5 de novembro, Caruaru ser\u00e1 palco da 5\u00aa edi\u00e7\u00e3o da Caruaru Cup, a maior e melhor competi\u00e7\u00e3o de futebol infantil do interior do Nordeste. O evento vai ocorrer no CT Ninho do Gavi\u00e3o e contar\u00e1 com mais de 1.000 atletas, dos 6 aos 15 anos, representando equipes de todas as regi\u00f5es de Pernambuco, nas categorias sub-7 ao sub-15. Os jogos ter\u00e3o in\u00edcio \u00e0s 8h e seguem at\u00e9 as 17h na sexta e no s\u00e1bado, das 8h \u00e0s 13h no domingo, com as finais.<\/p>\n<p>A competi\u00e7\u00e3o aumentou e trar\u00e1 novidades para este ano: ser\u00e3o realizados 9 jogos ao mesmo tempo, totalizando mais de 170 partidas disputadas, com mais de 6.000 minutos de bola rolando. Entre as novidades, est\u00e3o a inclus\u00e3o da categoria sub-7, \u00e1rea de lazer com piscina liberada na Arena Club Aposta Ganha para os campe\u00f5es e a transmiss\u00e3o ao vivo das finais.<\/p>\n<p>Al\u00e9m da emo\u00e7\u00e3o dos jogos, o p\u00fablico presente na Caruaru Cup ter\u00e1 acesso uma grande estrutura, com pra\u00e7a de alimenta\u00e7\u00e3o, \u00e1rea de lazer, espa\u00e7o kids com futebol de sab\u00e3o e brinquedos infl\u00e1veis, produtos oficiais, estacionamento, ambul\u00e2ncia e socorristas de plant\u00e3o, aplicativo oficial, cobertura jornal\u00edstica, seguran\u00e7a privada e muito mais. A expectativa \u00e9 receber mais de 7.000 pessoas durante o fim de semana do evento.<\/p>\n<p>A Caruaru Cup \u00e9 promovida pelo Caruaru City desde 2018 e est\u00e1 no calend\u00e1rio dos grandes eventos esportivos infantis do Nordeste. Para este ano, o clube ter\u00e1 parceria da Unimed Caruaru, Cazanova Constru\u00e7\u00e3o, Prefeitura de Caruaru, Grupo Asa Branca, Arena Club Aposta Ganha e Icia Caruaru. O evento refor\u00e7a a import\u00e2ncia dos valores do esporte e da inclus\u00e3o social (meninas e meninos jogam juntos), dentro de um ambiente adequado para os atletas e agrad\u00e1vel para as fam\u00edlias. E tamb\u00e9m influencia, direta e indiretamente, no desenvolvimento socioecon\u00f4mico e cultural do munic\u00edpio, impactando setores como com\u00e9rcio, turismo, hotelaria e alimenta\u00e7\u00e3o.<br \/>\nFotos: Ellen Galv\u00e3o\/Caruaru\u00a0City<br \/>\nASCOM Caruaru City SC<\/p>\n<p>Siga o Instagram do Blog @blogdoedvaldomagalhaes<br \/>\nSe inscreva no canal do Blog no You Tube<\/p>\n","protected":false},"excerpt":{"rendered":"<p>Este fim de semana ser\u00e1 com muito futebol na Capital do Agreste. Nos dias 3, 4 e 5 de novembro,&hellip;<\/p>\n","protected":false},"author":1,"featured_media":102492,"comment_status":"closed","ping_status":"open","sticky":false,"template":"","format":"standard","meta":{"footnotes":""},"categories":[14120],"tags":[28803,2,28801,3406,29007],"class_list":["post-102491","post","type-post","status-publish","format-standard","has-post-thumbnail","hentry","category-noticias","tag-blog-com-mais-visualizacoes","tag-blog-do-edvaldo-magalhaes","tag-blog-mais-acessado","tag-caruaru","tag-caruaru-sediara-campeonato-de-futebol-infantil-com-mais-de-1-000-atletas-neste-fim-de-semana"],"_links":{"self":[{"href":"https:\/\/blogdoedvaldomagalhaes.com.br\/index.php\/wp-json\/wp\/v2\/posts\/102491","targetHints":{"allow":["GET"]}}],"collection":[{"href":"https:\/\/blogdoedvaldomagalhaes.com.br\/index.php\/wp-json\/wp\/v2\/posts"}],"about":[{"href":"https:\/\/blogdoedvaldomagalhaes.com.br\/index.php\/wp-json\/wp\/v2\/types\/post"}],"author":[{"embeddable":true,"href":"https:\/\/blogdoedvaldomagalhaes.com.br\/index.php\/wp-json\/wp\/v2\/users\/1"}],"replies":[{"embeddable":true,"href":"https:\/\/blogdoedvaldomagalhaes.com.br\/index.php\/wp-json\/wp\/v2\/comments?post=102491"}],"version-history":[{"count":1,"href":"https:\/\/blogdoedvaldomagalhaes.com.br\/index.php\/wp-json\/wp\/v2\/posts\/102491\/revisions"}],"predecessor-version":[{"id":102493,"href":"https:\/\/blogdoedvaldomagalhaes.com.br\/index.php\/wp-json\/wp\/v2\/posts\/102491\/revisions\/102493"}],"wp:featuredmedia":[{"embeddable":true,"href":"https:\/\/blogdoedvaldomagalhaes.com.br\/index.php\/wp-json\/wp\/v2\/media\/102492"}],"wp:attachment":[{"href":"https:\/\/blogdoedvaldomagalhaes.com.br\/index.php\/wp-json\/wp\/v2\/media?parent=102491"}],"wp:term":[{"taxonomy":"category","embeddable":true,"href":"https:\/\/blogdoedvaldomagalhaes.com.br\/index.php\/wp-json\/wp\/v2\/categories?post=102491"},{"taxonomy":"post_tag","embeddable":true,"href":"https:\/\/blogdoedvaldomagalhaes.com.br\/index.php\/wp-json\/wp\/v2\/tags?post=102491"}],"curies":[{"name":"wp","href":"https:\/\/api.w.org\/{rel}","templated":true}]}}