{"id":102488,"date":"2023-11-02T18:53:23","date_gmt":"2023-11-02T21:53:23","guid":{"rendered":"https:\/\/blogdoedvaldomagalhaes.com.br\/?p=102488"},"modified":"2023-11-02T18:53:25","modified_gmt":"2023-11-02T21:53:25","slug":"cemiterios-publicos-de-caruaru-receberam-10-mil-pessoas-neste-dia-de-finados","status":"publish","type":"post","link":"https:\/\/blogdoedvaldomagalhaes.com.br\/index.php\/2023\/11\/02\/cemiterios-publicos-de-caruaru-receberam-10-mil-pessoas-neste-dia-de-finados\/","title":{"rendered":"Cemit\u00e9rios p\u00fablicos de Caruaru receberam 10 mil pessoas neste Dia de Finados"},"content":{"rendered":"<p>Nesta quinta-feira (2), a Prefeitura de Caruaru, por meio da Secretaria de Servi\u00e7os P\u00fablicos e Sustentabilidade (SESP), esteve pronta para assegurar a ordem e tranquilidade daqueles que dedicaram o dia a visitar entes queridos nos cemit\u00e9rios p\u00fablicos, tanto da cidade quanto da zona rural, neste Dia de Finados.<\/p>\n<p>_&#8221;A movimenta\u00e7\u00e3o atingiu a expectativa prevista, com cerca de 10 mil pessoas realizando visitas nos 21 cemit\u00e9rios p\u00fablicos em todo o munic\u00edpio. Vale destacar que tudo ocorreu de forma tranquila desde a abertura dos port\u00f5es \u00e0s 6h da manh\u00e3 at\u00e9 \u00e0s 18h&#8221;, ressaltou o secret\u00e1rio da SESP, Manoel \u00c1vila._<\/p>\n<p>Al\u00e9m da tradicional feirinha de flores, capelas e velas, v\u00e1rios servi\u00e7os de sa\u00fade gratuitos foram oferecidos, como teste de glicemia e aferi\u00e7\u00e3o de press\u00e3o, por meio de parcerias.<\/p>\n<p>Este ano, n\u00e3o apenas os cemit\u00e9rios p\u00fablicos, Dom Bosco e S\u00e3o Roque, tiveram programa\u00e7\u00e3o eucar\u00edstica, mas tamb\u00e9m os cemit\u00e9rios das comunidades rurais: Riacho Doce, Ju\u00e1, Dois Riachos, Ita\u00fana.<\/p>\n<p>_&#8221;\u00c9 importante destacar que todos os cemit\u00e9rios passaram por interven\u00e7\u00f5es da equipe de necr\u00f3pole, realizando servi\u00e7os de pintura, capina\u00e7\u00e3o, varri\u00e7\u00e3o, requalifica\u00e7\u00e3o de muros e bancos, al\u00e9m da instala\u00e7\u00e3o de lixeiras. Houve tamb\u00e9m refor\u00e7o na ilumina\u00e7\u00e3o pelas equipes do Ilumina Caruaru&#8221;, afirmou Manoel \u00c1vila._<br \/>\nFoto: Jorge Farias\/Secom\/PMC.<\/p>\n<p>Siga o Instagram do Blog @blogdoedvaldomagalhaes<br \/>\nSe inscreva no canal do Blog no You Tube<\/p>\n","protected":false},"excerpt":{"rendered":"<p>Nesta quinta-feira (2), a Prefeitura de Caruaru, por meio da Secretaria de Servi\u00e7os P\u00fablicos e Sustentabilidade (SESP), esteve pronta para&hellip;<\/p>\n","protected":false},"author":1,"featured_media":102489,"comment_status":"closed","ping_status":"open","sticky":false,"template":"","format":"standard","meta":{"footnotes":""},"categories":[14120],"tags":[28925,2,28801,3406,29006],"class_list":["post-102488","post","type-post","status-publish","format-standard","has-post-thumbnail","hentry","category-noticias","tag-blog-comamos-visualizacoes","tag-blog-do-edvaldo-magalhaes","tag-blog-mais-acessado","tag-caruaru","tag-cemiterios-publicos-de-caruaru-receberam-10-mil-pessoas-neste-dia-de-finados"],"_links":{"self":[{"href":"https:\/\/blogdoedvaldomagalhaes.com.br\/index.php\/wp-json\/wp\/v2\/posts\/102488","targetHints":{"allow":["GET"]}}],"collection":[{"href":"https:\/\/blogdoedvaldomagalhaes.com.br\/index.php\/wp-json\/wp\/v2\/posts"}],"about":[{"href":"https:\/\/blogdoedvaldomagalhaes.com.br\/index.php\/wp-json\/wp\/v2\/types\/post"}],"author":[{"embeddable":true,"href":"https:\/\/blogdoedvaldomagalhaes.com.br\/index.php\/wp-json\/wp\/v2\/users\/1"}],"replies":[{"embeddable":true,"href":"https:\/\/blogdoedvaldomagalhaes.com.br\/index.php\/wp-json\/wp\/v2\/comments?post=102488"}],"version-history":[{"count":1,"href":"https:\/\/blogdoedvaldomagalhaes.com.br\/index.php\/wp-json\/wp\/v2\/posts\/102488\/revisions"}],"predecessor-version":[{"id":102490,"href":"https:\/\/blogdoedvaldomagalhaes.com.br\/index.php\/wp-json\/wp\/v2\/posts\/102488\/revisions\/102490"}],"wp:featuredmedia":[{"embeddable":true,"href":"https:\/\/blogdoedvaldomagalhaes.com.br\/index.php\/wp-json\/wp\/v2\/media\/102489"}],"wp:attachment":[{"href":"https:\/\/blogdoedvaldomagalhaes.com.br\/index.php\/wp-json\/wp\/v2\/media?parent=102488"}],"wp:term":[{"taxonomy":"category","embeddable":true,"href":"https:\/\/blogdoedvaldomagalhaes.com.br\/index.php\/wp-json\/wp\/v2\/categories?post=102488"},{"taxonomy":"post_tag","embeddable":true,"href":"https:\/\/blogdoedvaldomagalhaes.com.br\/index.php\/wp-json\/wp\/v2\/tags?post=102488"}],"curies":[{"name":"wp","href":"https:\/\/api.w.org\/{rel}","templated":true}]}}