{"id":102486,"date":"2023-11-02T18:45:02","date_gmt":"2023-11-02T21:45:02","guid":{"rendered":"https:\/\/blogdoedvaldomagalhaes.com.br\/?p=102486"},"modified":"2023-11-02T18:45:04","modified_gmt":"2023-11-02T21:45:04","slug":"caruaru-esta-entre-as-12-cidades-do-brasil-selecionadas-na-primeira-fase-do-desafio-visao-zero","status":"publish","type":"post","link":"https:\/\/blogdoedvaldomagalhaes.com.br\/index.php\/2023\/11\/02\/caruaru-esta-entre-as-12-cidades-do-brasil-selecionadas-na-primeira-fase-do-desafio-visao-zero\/","title":{"rendered":"Caruaru est\u00e1 entre as 12 cidades do Brasil selecionadas na primeira fase do desafio \u2018Vis\u00e3o Zero\u2019"},"content":{"rendered":"<p>Caruaru foi selecionada na primeira fase do desafio \u2018Vis\u00e3o Zero\u2019, realizado pelo Banco Interamericano de Desenvolvimento (BID). O objetivo do programa \u00e9 apoiar os munic\u00edpios brasileiros na implementa\u00e7\u00e3o de a\u00e7\u00f5es e pol\u00edticas p\u00fablicas que promovam a seguran\u00e7a vi\u00e1ria e uma mobilidade mais sustent\u00e1vel, segura e inclusiva.<\/p>\n<p>Na primeira fase, Caruaru foi selecionada entre 12 cidades de todo o pa\u00eds. De Pernambuco, apenas a Capital do Agreste e Recife ter\u00e3o o apoio do banco.<\/p>\n<p>Nesta etapa, os munic\u00edpios selecionados receber\u00e3o uma capacita\u00e7\u00e3o sobre a metodologia \u2018Vis\u00e3o Zero\u2019 e apoio \u00e0 implementa\u00e7\u00e3o de iniciativas relacionadas \u00e0 seguran\u00e7a vi\u00e1ria nas cidades.<\/p>\n<p>&#8220;Estamos felizes em ter Caruaru como uma das 12 cidades do pa\u00eds que receber\u00e1 este incentivo dado pelo Banco Interamericano de Desenvolvimento. Temos a certeza de que nossa cidade avan\u00e7ar\u00e1 ainda mais, adotando pol\u00edticas p\u00fablicas de preserva\u00e7\u00e3o da vida no tr\u00e2nsito, bem como reduzindo de forma consider\u00e1vel, os sinistros no tr\u00e2nsito local&#8221;, comentou o prefeito Rodrigo Pinheiro.<\/p>\n<p>*SOBRE O \u2018VIS\u00c3O ZERO\u2019*<\/p>\n<p>A principal premissa do programa \u2018Vis\u00e3o Zero\u2019, criado na Su\u00e9cia em 1997, \u00e9 a de que nenhuma morte prematura no tr\u00e2nsito \u00e9 aceit\u00e1vel. A proposta conseguiu transformar o tr\u00e2nsito sueco em um dos mais seguros do mundo e serviu de exemplo para a implementa\u00e7\u00e3o de propostas de sistemas seguros de mobilidade em diversos pa\u00edses.<\/p>\n<p>Os acidentes no tr\u00e2nsito s\u00e3o a oitava principal causa de morte no mundo e a principal entre crian\u00e7as e jovens de 5 a 29 anos, de acordo com a Organiza\u00e7\u00e3o Mundial da Sa\u00fade (OMS). A cada ano, 1,35 milh\u00e3o de vidas s\u00e3o perdidas, sendo que 90% desses \u00f3bitos ocorrem em pa\u00edses de baixa e m\u00e9dia renda. Foto: Reprodu\u00e7\u00e3o.<\/p>\n<p>Siga o Instagram do Blog para comentar @blogdoedvaldomagalhaes<br \/>\nSe inscreva no canal do Blog no You Tube<\/p>\n","protected":false},"excerpt":{"rendered":"<p>Caruaru foi selecionada na primeira fase do desafio \u2018Vis\u00e3o Zero\u2019, realizado pelo Banco Interamericano de Desenvolvimento (BID). O objetivo do&hellip;<\/p>\n","protected":false},"author":1,"featured_media":70826,"comment_status":"closed","ping_status":"open","sticky":false,"template":"","format":"standard","meta":{"footnotes":""},"categories":[14120],"tags":[28803,2,28801,29005],"class_list":["post-102486","post","type-post","status-publish","format-standard","has-post-thumbnail","hentry","category-noticias","tag-blog-com-mais-visualizacoes","tag-blog-do-edvaldo-magalhaes","tag-blog-mais-acessado","tag-caruaru-esta-entre-as-12-cidades-do-brasil-selecionadas-na-primeira-fase-do-desafio-visao-zero"],"_links":{"self":[{"href":"https:\/\/blogdoedvaldomagalhaes.com.br\/index.php\/wp-json\/wp\/v2\/posts\/102486","targetHints":{"allow":["GET"]}}],"collection":[{"href":"https:\/\/blogdoedvaldomagalhaes.com.br\/index.php\/wp-json\/wp\/v2\/posts"}],"about":[{"href":"https:\/\/blogdoedvaldomagalhaes.com.br\/index.php\/wp-json\/wp\/v2\/types\/post"}],"author":[{"embeddable":true,"href":"https:\/\/blogdoedvaldomagalhaes.com.br\/index.php\/wp-json\/wp\/v2\/users\/1"}],"replies":[{"embeddable":true,"href":"https:\/\/blogdoedvaldomagalhaes.com.br\/index.php\/wp-json\/wp\/v2\/comments?post=102486"}],"version-history":[{"count":1,"href":"https:\/\/blogdoedvaldomagalhaes.com.br\/index.php\/wp-json\/wp\/v2\/posts\/102486\/revisions"}],"predecessor-version":[{"id":102487,"href":"https:\/\/blogdoedvaldomagalhaes.com.br\/index.php\/wp-json\/wp\/v2\/posts\/102486\/revisions\/102487"}],"wp:featuredmedia":[{"embeddable":true,"href":"https:\/\/blogdoedvaldomagalhaes.com.br\/index.php\/wp-json\/wp\/v2\/media\/70826"}],"wp:attachment":[{"href":"https:\/\/blogdoedvaldomagalhaes.com.br\/index.php\/wp-json\/wp\/v2\/media?parent=102486"}],"wp:term":[{"taxonomy":"category","embeddable":true,"href":"https:\/\/blogdoedvaldomagalhaes.com.br\/index.php\/wp-json\/wp\/v2\/categories?post=102486"},{"taxonomy":"post_tag","embeddable":true,"href":"https:\/\/blogdoedvaldomagalhaes.com.br\/index.php\/wp-json\/wp\/v2\/tags?post=102486"}],"curies":[{"name":"wp","href":"https:\/\/api.w.org\/{rel}","templated":true}]}}