{"id":102483,"date":"2023-11-02T18:36:15","date_gmt":"2023-11-02T21:36:15","guid":{"rendered":"https:\/\/blogdoedvaldomagalhaes.com.br\/?p=102483"},"modified":"2023-11-02T18:36:16","modified_gmt":"2023-11-02T21:36:16","slug":"prefeito-rodrigo-pinheiro-anuncia-que-servicos-da-urb-serao-100-digitais","status":"publish","type":"post","link":"https:\/\/blogdoedvaldomagalhaes.com.br\/index.php\/2023\/11\/02\/prefeito-rodrigo-pinheiro-anuncia-que-servicos-da-urb-serao-100-digitais\/","title":{"rendered":"Prefeito Rodrigo Pinheiro anuncia que servi\u00e7os da URB ser\u00e3o 100% digitais"},"content":{"rendered":"<p>Na ter\u00e7a-feira (31.11) foi comemorado o anivers\u00e1rio de 50 anos da Autarquia de Urbaniza\u00e7\u00e3o e Meio Ambiente de Caruaru (URB). Na ocasi\u00e3o, o prefeito Rodrigo Pinheiro anunciou que os servi\u00e7os da URB, a partir de agora, ser\u00e3o 100% digitais.<\/p>\n<p>\u201cA gente entra, de fato, 100% na era digital, na qual todos os processos ser\u00e3o entregues de maneira digital. \u00c9 um momento de avan\u00e7o no que diz respeito \u00e0 tecnologia para trazer mais celeridade aos servi\u00e7os prestados \u00e0 popula\u00e7\u00e3o\u201d, afirmou o prefeito, que ressaltou a import\u00e2ncia da URB para Caruaru. No entanto, \u00e9 importante destacar que a Autarquia continuar\u00e1 a receber os servi\u00e7os convencionais da popula\u00e7\u00e3o, de forma presencial, das 8h \u00e0s 14h.<\/p>\n<p>De acordo com Rodrigo Pinheiro, \u201co Brasil precisa de desenvolvimento econ\u00f4mico e a URB \u00e9 a porta de entrada destes empreendimentos que Caruaru esta recebendo, com os licenciamentos. Vamos entrar 2024 com v\u00e1rios empreendimentos imobili\u00e1rios e atacadistas, gerando milhares de empregos\u201d.<\/p>\n<p>Para o presidente da URB, Franciso Batista, o momento foi de agradecimento. \u201cMe encho de alegria por estar \u00e0 frente da URB. \u00c9 uma realiza\u00e7\u00e3o profissional, principalmente por entregar um servi\u00e7o de qualidade ao cidad\u00e3o, fazendo com que Caruaru se desenvolva e se destaque na gest\u00e3o do prefeito Rodrigo Pinheiro\u201d, afirmou.<\/p>\n<p>Al\u00e9m dos servidores da URB, secret\u00e1rios municipais e autoridades de Pernambuco, a noite de comemora\u00e7\u00e3o contou com a participa\u00e7\u00e3o da historiadora e educadora Edivalda Leite, que falou sobre a hist\u00f3ria da URB, destacando a import\u00e2ncia da Autarquia desde a sua cria\u00e7\u00e3o, em 1973, no governo de Jo\u00e3o Lyra Filho.<\/p>\n<p>O ex-prefeito de Caruaru e ex-governador de Pernambuco Jo\u00e3o Lyra Neto participou da solenidade e lembrou o legado do pai. \u201cFico muito feliz em participar desse evento. A ideia de Jo\u00e3o Lyra Filho de criar a URB mostra que ele era um vision\u00e1rio. Eu fico muito agradecido por esta homenagem, em nome da minha fam\u00edlia e da minha filha, a governadora Raquel Lyra. Caruaru tem que continuar crescendo e o atual prefeito ir\u00e1 cumprir todos os compromissos que assumiu com a popula\u00e7\u00e3o de Caruaru\u201d, disse.<br \/>\nFoto: Elvis \u00c9dson\/Secom\/PMC.<\/p>\n<p>Siga o Instagram do Blog para comentar @blogdoedvaldomagalhaes<br \/>\nSe inscreva no canal do Blog no You Tube<\/p>\n","protected":false},"excerpt":{"rendered":"<p>Na ter\u00e7a-feira (31.11) foi comemorado o anivers\u00e1rio de 50 anos da Autarquia de Urbaniza\u00e7\u00e3o e Meio Ambiente de Caruaru (URB).&hellip;<\/p>\n","protected":false},"author":1,"featured_media":102484,"comment_status":"closed","ping_status":"open","sticky":false,"template":"","format":"standard","meta":{"footnotes":""},"categories":[14122],"tags":[28803,2,28801,3406,20,29004],"class_list":["post-102483","post","type-post","status-publish","format-standard","has-post-thumbnail","hentry","category-politica","tag-blog-com-mais-visualizacoes","tag-blog-do-edvaldo-magalhaes","tag-blog-mais-acessado","tag-caruaru","tag-politica","tag-prefeito-rodrigo-pinheiro-anuncia-que-servicos-da-urb-serao-100-digitais"],"_links":{"self":[{"href":"https:\/\/blogdoedvaldomagalhaes.com.br\/index.php\/wp-json\/wp\/v2\/posts\/102483","targetHints":{"allow":["GET"]}}],"collection":[{"href":"https:\/\/blogdoedvaldomagalhaes.com.br\/index.php\/wp-json\/wp\/v2\/posts"}],"about":[{"href":"https:\/\/blogdoedvaldomagalhaes.com.br\/index.php\/wp-json\/wp\/v2\/types\/post"}],"author":[{"embeddable":true,"href":"https:\/\/blogdoedvaldomagalhaes.com.br\/index.php\/wp-json\/wp\/v2\/users\/1"}],"replies":[{"embeddable":true,"href":"https:\/\/blogdoedvaldomagalhaes.com.br\/index.php\/wp-json\/wp\/v2\/comments?post=102483"}],"version-history":[{"count":1,"href":"https:\/\/blogdoedvaldomagalhaes.com.br\/index.php\/wp-json\/wp\/v2\/posts\/102483\/revisions"}],"predecessor-version":[{"id":102485,"href":"https:\/\/blogdoedvaldomagalhaes.com.br\/index.php\/wp-json\/wp\/v2\/posts\/102483\/revisions\/102485"}],"wp:featuredmedia":[{"embeddable":true,"href":"https:\/\/blogdoedvaldomagalhaes.com.br\/index.php\/wp-json\/wp\/v2\/media\/102484"}],"wp:attachment":[{"href":"https:\/\/blogdoedvaldomagalhaes.com.br\/index.php\/wp-json\/wp\/v2\/media?parent=102483"}],"wp:term":[{"taxonomy":"category","embeddable":true,"href":"https:\/\/blogdoedvaldomagalhaes.com.br\/index.php\/wp-json\/wp\/v2\/categories?post=102483"},{"taxonomy":"post_tag","embeddable":true,"href":"https:\/\/blogdoedvaldomagalhaes.com.br\/index.php\/wp-json\/wp\/v2\/tags?post=102483"}],"curies":[{"name":"wp","href":"https:\/\/api.w.org\/{rel}","templated":true}]}}