{"id":102469,"date":"2023-11-02T15:47:11","date_gmt":"2023-11-02T18:47:11","guid":{"rendered":"https:\/\/blogdoedvaldomagalhaes.com.br\/?p=102469"},"modified":"2023-11-02T15:47:12","modified_gmt":"2023-11-02T18:47:12","slug":"jovens-da-periferia-pernambucana-tocam-diante-do-papa-em-concerto-pela-paz-com-ucranianos-russos-e-italianos","status":"publish","type":"post","link":"https:\/\/blogdoedvaldomagalhaes.com.br\/index.php\/2023\/11\/02\/jovens-da-periferia-pernambucana-tocam-diante-do-papa-em-concerto-pela-paz-com-ucranianos-russos-e-italianos\/","title":{"rendered":"Jovens da periferia pernambucana tocam diante do papa em concerto pela paz com ucranianos, russos e italianos"},"content":{"rendered":"<p><span style=\"font-size: revert;\">Apresenta\u00e7\u00f5es com integrantes da Orquestra Crian\u00e7a Cidad\u00e3 fazem um apelo contra guerras ao colocar sobre o palco artistas de regi\u00f5es em confronto.<\/span><\/p>\n<p>A supera\u00e7\u00e3o di\u00e1ria de uma vida com priva\u00e7\u00f5es na periferia da Grande Recife se anuncia como sinal de resili\u00eancia para impulsionar uma miss\u00e3o pacifista prestes a ser protagonizada por 25 jovens m\u00fasicos pernambucanos. A comitiva de integrantes da Orquestra Crian\u00e7a Cidad\u00e3 &#8211; um projeto de inclus\u00e3o social pela m\u00fasica &#8211; se uniu em Roma a artistas da It\u00e1lia, R\u00fassia e Ucr\u00e2nia sob a esperan\u00e7a de sensibilizar o mundo pelo fim da guerra tanto no continente quanto no Oriente M\u00e9dio ap\u00f3s os confrontos recentes.<\/p>\n<p>Eles estrelam duas apresenta\u00e7\u00f5es neste nesta sexta-feira e no s\u00e1bado(no dia 3, \u00e0s 19h, no altar-mor da Bras\u00edlia de S\u00e3o Pedro, e no dia 4 de novembro, \u00e0s 16h, na Sala Paulo VI), no Vaticano, batizadas de Concerto pela Paz e com a presen\u00e7a confirmada do Papa Francisco na plateia na segunda sess\u00e3o. O evento \u00e9 organizado pela Charis Internacional e pela Comunidade Obra de Maria, com apoio da Fondazione Cavalsassi, da It\u00e1lia.<\/p>\n<p>Os meninos e meninas selecionados em Pernambuco residem no Coque, bairro com um dos piores \u00edndices de desenvolvimento humano da capital, e em Camela, distrito modesto da cidade de Ipojuca, na Regi\u00e3o Metropolitana. Encontraram no aprendizado da m\u00fasica uma brecha social para reduzir o risco de viol\u00eancias, crime, abandono, indiferen\u00e7a p\u00fablica, falta de perspectivas comum a crian\u00e7as e adolescentes da mesma faixa et\u00e1ria em localidades pobres. O grupo ser\u00e1 acompanhado de cerca de 30 jovens russos, ucranianos e italianos, em um mosaico sonoro montado para dotar o repert\u00f3rio do concerto da mesma pujan\u00e7a transformadora da m\u00fasica nas pr\u00f3prias vidas.<\/p>\n<p>A comitiva brasileira \u00e9 formada por jovens de 14 a 21 anos oriundos de fam\u00edlias em m\u00e1s condi\u00e7\u00f5es socioecon\u00f4micas. Do garoto cujo irm\u00e3o morreu assassinado pelo tr\u00e1fico \u00e0 violonista filha de pais ambulantes no metr\u00f4 e \u00e0 violinista al\u00e7ada a esteio da fam\u00edlia, os m\u00fasicos enfrentam uma realidade cotidiana marcada tanto pelo desamparo social quanto pelas dificuldades cotidianas em virtude, sobretudo, da pobreza.<\/p>\n<p>S\u00e3o crian\u00e7as e adolescentes com grandes sonhos, a exemplo da trajet\u00f3ria bem-sucedida de um dos ex-colegas do grupo e hoje integrante da Orquestra Filarm\u00f4nica de Israel, Antonino Tertuliano. Convidado para se juntar \u00e0 comitiva em Roma, ele faz mestrado em Munique, na Alemanha, e deixou o Recife ap\u00f3s convite da Sinf\u00f4nica de Goi\u00e2nia.<\/p>\n<p>Na Orquestra Cidad\u00e3, os alunos recebem n\u00e3o somente aulas de instrumentos de cordas, sopros e percuss\u00e3o, teoria musical, flauta doce e canto coral, mas tamb\u00e9m apoio pedag\u00f3gico, atendimento psicol\u00f3gico, m\u00e9dico e odontol\u00f3gico, aulas de inclus\u00e3o digital, tr\u00eas refei\u00e7\u00f5es por dia e fardamento. H\u00e1 ainda bolsas para monitores.<\/p>\n<p>Dos 700 jovens atendidos ao longo dos 18 anos do projeto, v\u00e1rios seguiram a carreira art\u00edstica, optaram por cursar faculdade de m\u00fasica ou obtiveram ajuda para ingressar no mercado de trabalho atrav\u00e9s de um programa de aprendizagem profissional, al\u00e9m de poderem se especializar nas fun\u00e7\u00f5es de luthier e archetier, ou seja, construtores de instrumentos e de arcos de madeira para instrumentos de corda.<\/p>\n<p><strong>O CONCERTO<\/strong><\/p>\n<p>O repert\u00f3rio escolhido por Jos\u00e9 Renato Accioly, Lanfranco Marcelletti Jr., aos quais caber\u00e1 a reg\u00eancia dos concertos, e por Guilherme Teixeira, com sugest\u00f5es da Fondazione Calvasassi, conta com representantes de todos os pa\u00edses envolvidos. Em homenagem aos cidad\u00e3os cujas hist\u00f3rias de vida est\u00e3o sendo abaladas diretamente pelo conflito, figuram o russo Sergei Rachmaninov e o ucraniano Mykola Leontovich. O italiano Antonio Vivaldi e o argentino Astor Piazzolla, em tributo ao papa, tamb\u00e9m foram selecionados. Do Brasil, aparecem Heitor Villa-Lobos, Ary Barroso e o pernambucano de Caruaru Cl\u00f3vis Pereira, atualmente com 93 anos, de quem foram escolhidas as \u201cTr\u00eas pe\u00e7as nordestinas\u201d, importante produ\u00e7\u00e3o musical do Movimento Armorial.<\/p>\n<p>Dois pontos altos do concerto devem ser quando musicistas russos e ucranianos ficam frente \u00e0 frente para momentos solo. O primeiro com um violinista de cada pa\u00eds na \u00e1ria \u201cErbarme dich, mein Gott\u201d, parte do orat\u00f3rio \u201cPaix\u00e3o segundo S\u00e3o Mateus, BWV 244\u201d, do alem\u00e3o Johann Sebastian Bach. No encerramento, um quarteto formado por integrantes dos pa\u00edses em guerra executar\u00e3o o famoso tango \u201cPor una cabeza\u201d, do franc\u00eas radicado na Argentina Carlos Gardel com Alfredo Le Pera.<\/p>\n<p>Na plateia, cardeais, bispos, representantes do Vaticano, jovens, autoridades, pol\u00edticos e empres\u00e1rios do Brasil e do exterior. Est\u00e3o confirmados o cardeal Kevin Farrell, que celebra a missa do dia 3, o moderador da Charis Internacional, Pino Scafuro, o coordenador-geral da Orquestra Crian\u00e7a Cidad\u00e3, Jo\u00e3o Jos\u00e9 Targino, o fundador da Comunidade Obra de Maria, Gilberto Barbosa, e a CEO da Funda\u00e7\u00e3o Cavalsassi, Elena Pascale.<\/p>\n<p>Apesar de ser a primeira experi\u00eancia internacional de alguns integrantes, a Orquestra Crian\u00e7a Cidad\u00e3 j\u00e1 acumula no curr\u00edculo apresenta\u00e7\u00f5es nacionais e internacionais, em pa\u00edses como Alemanha, Portugal, Estados Unidos, It\u00e1lia, Argentina, China e Israel. Os convites s\u00e3o respaldados pela qualidade art\u00edstica do grupo e pelo alcance do trabalho de responsabilidade social do projeto gerido pela Associa\u00e7\u00e3o Beneficente Crian\u00e7a Cidad\u00e3 (ABCC), presidida por Myrna Targino.<\/p>\n<p>Idealizada em 2006 pelo juiz Jo\u00e3o Jos\u00e9 Rocha Targino em parceria com o maestro Cussy de Almeida (1936-2010) e o desembargador Nildo Nery dos Santos (1934-2018), a Orquestra Crian\u00e7a Cidad\u00e3 \u00e9 mantida atrav\u00e9s de doa\u00e7\u00f5es e \u00e9 aprovada na Lei de Incentivo \u00e0 Cultura do Minist\u00e9rio da Cultura, com patroc\u00ednio da Caixa Econ\u00f4mica Federal e do Governo Federal. Foto: Divulga\u00e7\u00e3o.<\/p>\n<p>Siga o Instagram do Blog @blogdoedvaldomagalhaes<\/p>\n<p>Se inscreva no canal do Blog no YouTube<\/p>\n","protected":false},"excerpt":{"rendered":"<p>Apresenta\u00e7\u00f5es com integrantes da Orquestra Crian\u00e7a Cidad\u00e3 fazem um apelo contra guerras ao colocar sobre o palco artistas de regi\u00f5es&hellip;<\/p>\n","protected":false},"author":1,"featured_media":102470,"comment_status":"closed","ping_status":"open","sticky":false,"template":"","format":"standard","meta":{"footnotes":""},"categories":[14120],"tags":[28803,2,28801,3406,29000],"class_list":["post-102469","post","type-post","status-publish","format-standard","has-post-thumbnail","hentry","category-noticias","tag-blog-com-mais-visualizacoes","tag-blog-do-edvaldo-magalhaes","tag-blog-mais-acessado","tag-caruaru","tag-jovens-da-periferia-pernambucana-tocam-diante-do-papa-em-concerto-pela-paz-com-ucranianos-russos-e-italianos"],"_links":{"self":[{"href":"https:\/\/blogdoedvaldomagalhaes.com.br\/index.php\/wp-json\/wp\/v2\/posts\/102469","targetHints":{"allow":["GET"]}}],"collection":[{"href":"https:\/\/blogdoedvaldomagalhaes.com.br\/index.php\/wp-json\/wp\/v2\/posts"}],"about":[{"href":"https:\/\/blogdoedvaldomagalhaes.com.br\/index.php\/wp-json\/wp\/v2\/types\/post"}],"author":[{"embeddable":true,"href":"https:\/\/blogdoedvaldomagalhaes.com.br\/index.php\/wp-json\/wp\/v2\/users\/1"}],"replies":[{"embeddable":true,"href":"https:\/\/blogdoedvaldomagalhaes.com.br\/index.php\/wp-json\/wp\/v2\/comments?post=102469"}],"version-history":[{"count":1,"href":"https:\/\/blogdoedvaldomagalhaes.com.br\/index.php\/wp-json\/wp\/v2\/posts\/102469\/revisions"}],"predecessor-version":[{"id":102471,"href":"https:\/\/blogdoedvaldomagalhaes.com.br\/index.php\/wp-json\/wp\/v2\/posts\/102469\/revisions\/102471"}],"wp:featuredmedia":[{"embeddable":true,"href":"https:\/\/blogdoedvaldomagalhaes.com.br\/index.php\/wp-json\/wp\/v2\/media\/102470"}],"wp:attachment":[{"href":"https:\/\/blogdoedvaldomagalhaes.com.br\/index.php\/wp-json\/wp\/v2\/media?parent=102469"}],"wp:term":[{"taxonomy":"category","embeddable":true,"href":"https:\/\/blogdoedvaldomagalhaes.com.br\/index.php\/wp-json\/wp\/v2\/categories?post=102469"},{"taxonomy":"post_tag","embeddable":true,"href":"https:\/\/blogdoedvaldomagalhaes.com.br\/index.php\/wp-json\/wp\/v2\/tags?post=102469"}],"curies":[{"name":"wp","href":"https:\/\/api.w.org\/{rel}","templated":true}]}}