{"id":102466,"date":"2023-11-02T12:59:48","date_gmt":"2023-11-02T15:59:48","guid":{"rendered":"https:\/\/blogdoedvaldomagalhaes.com.br\/?p=102466"},"modified":"2023-11-02T12:59:49","modified_gmt":"2023-11-02T15:59:49","slug":"adolescente-percorre-18-km-a-pe-e-e-encontrado-pela-prf-na-br-232","status":"publish","type":"post","link":"https:\/\/blogdoedvaldomagalhaes.com.br\/index.php\/2023\/11\/02\/adolescente-percorre-18-km-a-pe-e-e-encontrado-pela-prf-na-br-232\/","title":{"rendered":"Adolescente percorre 18 Km a p\u00e9 e \u00e9 encontrado pela PRF na BR 232"},"content":{"rendered":"<p>Um adolescente, de 16 anos,   que havia sa\u00eddo de casa na madrugada desta quinta-feira (2), foi localizado cinco horas depois pela Pol\u00edcia Rodovi\u00e1ria Federal (PRF). O jovem mora com a av\u00f3 e percorreu 18 Km a p\u00e9, at\u00e9 ser encontrado em Serra Talhada, no Sert\u00e3o de Pernambuco.<\/p>\n<p>Por volta das 10h30 da manh\u00e3, uma equipe sa\u00eda para uma ronda, quando avistou um adolescente pr\u00f3ximo ao posto da PRF de Serra Talhada. Ao conversar com o jovem, os policiais perceberam que ele apresentava sinais de desorienta\u00e7\u00e3o e depois descobriram que ele tomava rem\u00e9dios controlados.<\/p>\n<p>O adolescente n\u00e3o disse o motivo de ter sa\u00eddo de casa, mas informou o local onde morava, em um distrito que pertence a Serra Talhada. Ele foi encaminhado para a casa da m\u00e3e, que o acolheu e agradeceu pela localiza\u00e7\u00e3o do filho.<\/p>\n","protected":false},"excerpt":{"rendered":"<p>Um adolescente, de 16 anos, que havia sa\u00eddo de casa na madrugada desta quinta-feira (2), foi localizado cinco horas depois&hellip;<\/p>\n","protected":false},"author":1,"featured_media":102467,"comment_status":"closed","ping_status":"open","sticky":false,"template":"","format":"standard","meta":{"footnotes":""},"categories":[14120],"tags":[28999,28803,2,28801,3406],"class_list":["post-102466","post","type-post","status-publish","format-standard","has-post-thumbnail","hentry","category-noticias","tag-adolescente-percorre-18-km-a-pe-e-e-encontrado-pela-prf-na-br-232","tag-blog-com-mais-visualizacoes","tag-blog-do-edvaldo-magalhaes","tag-blog-mais-acessado","tag-caruaru"],"_links":{"self":[{"href":"https:\/\/blogdoedvaldomagalhaes.com.br\/index.php\/wp-json\/wp\/v2\/posts\/102466","targetHints":{"allow":["GET"]}}],"collection":[{"href":"https:\/\/blogdoedvaldomagalhaes.com.br\/index.php\/wp-json\/wp\/v2\/posts"}],"about":[{"href":"https:\/\/blogdoedvaldomagalhaes.com.br\/index.php\/wp-json\/wp\/v2\/types\/post"}],"author":[{"embeddable":true,"href":"https:\/\/blogdoedvaldomagalhaes.com.br\/index.php\/wp-json\/wp\/v2\/users\/1"}],"replies":[{"embeddable":true,"href":"https:\/\/blogdoedvaldomagalhaes.com.br\/index.php\/wp-json\/wp\/v2\/comments?post=102466"}],"version-history":[{"count":1,"href":"https:\/\/blogdoedvaldomagalhaes.com.br\/index.php\/wp-json\/wp\/v2\/posts\/102466\/revisions"}],"predecessor-version":[{"id":102468,"href":"https:\/\/blogdoedvaldomagalhaes.com.br\/index.php\/wp-json\/wp\/v2\/posts\/102466\/revisions\/102468"}],"wp:featuredmedia":[{"embeddable":true,"href":"https:\/\/blogdoedvaldomagalhaes.com.br\/index.php\/wp-json\/wp\/v2\/media\/102467"}],"wp:attachment":[{"href":"https:\/\/blogdoedvaldomagalhaes.com.br\/index.php\/wp-json\/wp\/v2\/media?parent=102466"}],"wp:term":[{"taxonomy":"category","embeddable":true,"href":"https:\/\/blogdoedvaldomagalhaes.com.br\/index.php\/wp-json\/wp\/v2\/categories?post=102466"},{"taxonomy":"post_tag","embeddable":true,"href":"https:\/\/blogdoedvaldomagalhaes.com.br\/index.php\/wp-json\/wp\/v2\/tags?post=102466"}],"curies":[{"name":"wp","href":"https:\/\/api.w.org\/{rel}","templated":true}]}}