{"id":102463,"date":"2023-11-02T08:18:33","date_gmt":"2023-11-02T11:18:33","guid":{"rendered":"https:\/\/blogdoedvaldomagalhaes.com.br\/?p=102463"},"modified":"2023-11-02T08:18:34","modified_gmt":"2023-11-02T11:18:34","slug":"ponto-e-virgula-caruaru-promove-acao-social-no-dia-de-finados","status":"publish","type":"post","link":"https:\/\/blogdoedvaldomagalhaes.com.br\/index.php\/2023\/11\/02\/ponto-e-virgula-caruaru-promove-acao-social-no-dia-de-finados\/","title":{"rendered":"Ponto e V\u00edrgula Caruaru promove a\u00e7\u00e3o social no Dia de Finados"},"content":{"rendered":"<p>A ONG Ponto e V\u00edrgula Caruaru, juntamente com psic\u00f3logos e estudantes de Psicologia, promove, nesta quinta-feira (02), Dia de Finados, uma a\u00e7\u00e3o social com o intuito de acalentar quem j\u00e1 perdeu um ente querido.<\/p>\n<p>Intitulada de &#8220;Qual o nome de sua saudade?&#8221;, a a\u00e7\u00e3o ser\u00e1 realizada no cemit\u00e9rio Dom Bosco, das 8h \u00e0s 12h, gratuitamente.<\/p>\n<p>&#8220;Essa data tem por objetivo principal relembrar a mem\u00f3ria dos mortos, dos entes queridos que j\u00e1 se foram, bem como (para os cat\u00f3licos) rezar pela alma deles. E dessa forma nos unirmos para escutar a import\u00e2ncia que essas pessoas tinham enquanto vivas paras os visitantes do local. Conforto, acalento e escutas amorosas e sem julgamentos ser\u00e3o os abra\u00e7os acolhedores desse Dia de Finados, como diz Rodrigo Luz: \u201cLuto \u00e9 outra palavra para falar de amor&#8221;, comentou o fundador da Ponto e V\u00edrgula Caruaru, Betto Moura.<\/p>\n<p>Siga o Instagram do Blog para comentar @blogdoedvaldomagalhaes<br \/>\nSe inscreva no canal do Blog no You Tube<\/p>\n","protected":false},"excerpt":{"rendered":"<p>A ONG Ponto e V\u00edrgula Caruaru, juntamente com psic\u00f3logos e estudantes de Psicologia, promove, nesta quinta-feira (02), Dia de Finados,&hellip;<\/p>\n","protected":false},"author":1,"featured_media":102464,"comment_status":"closed","ping_status":"open","sticky":false,"template":"","format":"standard","meta":{"footnotes":""},"categories":[14120],"tags":[28998,28803,2,28801,3406],"class_list":["post-102463","post","type-post","status-publish","format-standard","has-post-thumbnail","hentry","category-noticias","tag-ponto-e-virgula-caruaru-promove-acao-social-no-dia-de-finados","tag-blog-com-mais-visualizacoes","tag-blog-do-edvaldo-magalhaes","tag-blog-mais-acessado","tag-caruaru"],"_links":{"self":[{"href":"https:\/\/blogdoedvaldomagalhaes.com.br\/index.php\/wp-json\/wp\/v2\/posts\/102463","targetHints":{"allow":["GET"]}}],"collection":[{"href":"https:\/\/blogdoedvaldomagalhaes.com.br\/index.php\/wp-json\/wp\/v2\/posts"}],"about":[{"href":"https:\/\/blogdoedvaldomagalhaes.com.br\/index.php\/wp-json\/wp\/v2\/types\/post"}],"author":[{"embeddable":true,"href":"https:\/\/blogdoedvaldomagalhaes.com.br\/index.php\/wp-json\/wp\/v2\/users\/1"}],"replies":[{"embeddable":true,"href":"https:\/\/blogdoedvaldomagalhaes.com.br\/index.php\/wp-json\/wp\/v2\/comments?post=102463"}],"version-history":[{"count":1,"href":"https:\/\/blogdoedvaldomagalhaes.com.br\/index.php\/wp-json\/wp\/v2\/posts\/102463\/revisions"}],"predecessor-version":[{"id":102465,"href":"https:\/\/blogdoedvaldomagalhaes.com.br\/index.php\/wp-json\/wp\/v2\/posts\/102463\/revisions\/102465"}],"wp:featuredmedia":[{"embeddable":true,"href":"https:\/\/blogdoedvaldomagalhaes.com.br\/index.php\/wp-json\/wp\/v2\/media\/102464"}],"wp:attachment":[{"href":"https:\/\/blogdoedvaldomagalhaes.com.br\/index.php\/wp-json\/wp\/v2\/media?parent=102463"}],"wp:term":[{"taxonomy":"category","embeddable":true,"href":"https:\/\/blogdoedvaldomagalhaes.com.br\/index.php\/wp-json\/wp\/v2\/categories?post=102463"},{"taxonomy":"post_tag","embeddable":true,"href":"https:\/\/blogdoedvaldomagalhaes.com.br\/index.php\/wp-json\/wp\/v2\/tags?post=102463"}],"curies":[{"name":"wp","href":"https:\/\/api.w.org\/{rel}","templated":true}]}}