{"id":102459,"date":"2023-11-01T20:33:27","date_gmt":"2023-11-01T23:33:27","guid":{"rendered":"https:\/\/blogdoedvaldomagalhaes.com.br\/?p=102459"},"modified":"2023-11-01T20:33:28","modified_gmt":"2023-11-01T23:33:28","slug":"audiencia-publica-proposta-pelo-vereador-mano-do-som-debate-recuperacao-do-autodromo-de-caruaru","status":"publish","type":"post","link":"https:\/\/blogdoedvaldomagalhaes.com.br\/index.php\/2023\/11\/01\/audiencia-publica-proposta-pelo-vereador-mano-do-som-debate-recuperacao-do-autodromo-de-caruaru\/","title":{"rendered":"Audi\u00eancia p\u00fablica proposta pelo vereador Mano do Som debate recupera\u00e7\u00e3o do Aut\u00f3dromo de Caruaru"},"content":{"rendered":"<p>Na manh\u00e3 desta quarta-feira (01), o Poder Legislativo de Caruaru realizou a Audi\u00eancia P\u00fablica que tratou das propostas de requalifica\u00e7\u00e3o do Aut\u00f3dromo Internacional Ayrton Senna. O debate seguiu propositura apresentada pelo vereador Mano do Som (Uni\u00e3o Brasil). Foi de comum consenso entre todos os presentes que a melhoria do espa\u00e7o \u00e9 fundamental para fomentar a economia da cidade.<\/p>\n<p>O Aut\u00f3dromo foi inaugurado em 1992 e rebatizado ap\u00f3s a morte do piloto Ayrton Senna. \u00c9 um dos tr\u00eas locais de prova na regi\u00e3o nordeste, por\u00e9m deixou de funcionar em 2015. Em seu momento, o propositor da audi\u00eancia citou todos os requerimentos e indica\u00e7\u00f5es apresentados para \u00f3rg\u00e3os municipais, estaduais e federais com o objetivo de retomar as atividades no espa\u00e7o. Segundo o vereador, n\u00e3o existe prazo para a reentrega do aut\u00f3dromo. \u201cEssa audi\u00eancia tem o intuito de somar for\u00e7as e captar recursos para que o Aut\u00f3dromo volte a movimentar o munic\u00edpio\u201d, pontuou Mano.<\/p>\n<p>\u201cTemos que enxergar o Aut\u00f3dromo como fonte de receita e n\u00e3o de despesa\u201d, afirma Bruno Lambreta. O presidente da Casa tamb\u00e9m relembrou as investidas que fez para que as instala\u00e7\u00f5es passassem por melhorias. \u201cHoje damos o primeiro ponto de partida para que as medidas sejam aplicadas\u201d,  afirmou Lambreta.<\/p>\n<p>O Deputado Federal Lula da Fonte participou da audi\u00eancia e informou que est\u00e1 em di\u00e1logo com os poderes estaduais e federais para que as melhorias ocorram. O parlamentar refor\u00e7ou a import\u00e2ncia do espa\u00e7o na fomenta\u00e7\u00e3o do turismo esportivo.<\/p>\n<p>O secret\u00e1rio de Desenvolvimento Econ\u00f4mico, Turismo e Economia Criativa (Sedetec), Pedro Augusto, refor\u00e7ou o compromisso da secretaria em reativar o espa\u00e7o. Em sua fala, tamb\u00e9m relembrou a burocracia para que o projeto possa ser aplicado.<\/p>\n<p>A potencialidade da arena ser um espa\u00e7o poliesportivo foi ressaltado na fala do Presidente da Federa\u00e7\u00e3o Pernambucana de Automobilismo, Roberto Ara\u00fajo. Devido \u00e0s in\u00fameras possibilidades de uso do espa\u00e7o, Roberto mencionou o amplo interesse de patrocinadores. \u201c\u00c9 incalcul\u00e1vel a relev\u00e2ncia do aut\u00f3dromo em todos os setores da cidade\u201d, complementou.<\/p>\n<p>Na oportunidade, entusiastas e amantes do esporte fizeram suas considera\u00e7\u00f5es. \u201cEu n\u00e3o quero s\u00f3 a pista, quero o espa\u00e7o para movimenta\u00e7\u00e3o cultural na cidade\u201d, diz Eduardo Cepo. \u201cPara praticar o esporte eu preciso ir at\u00e9 o aut\u00f3dromo da Para\u00edba. Caruaru perde muito n\u00e3o tendo esse espa\u00e7o em funcionamento\u201d, comenta Thiago Gon\u00e7alves.<\/p>\n<p>Mano do Som leu nota enviada pela Sedetec, no qual informa que o local recebeu a visita de arquiteto e engenheiro para estudo. Ainda segundo o disposto, o or\u00e7amento inicial para a recupera\u00e7\u00e3o e adequa\u00e7\u00e3o do Aut\u00f3dromo \u00e9 de mais de 16 milh\u00f5es de reais.<br \/>\nFoto: Vladimir Barreto.<\/p>\n<p>Siga o Instagram do Blog para comentar @blogdoedvaldomagalhaes<br \/>\nSe inscreva no canal do Blog no You Tube<\/p>\n","protected":false},"excerpt":{"rendered":"<p>Na manh\u00e3 desta quarta-feira (01), o Poder Legislativo de Caruaru realizou a Audi\u00eancia P\u00fablica que tratou das propostas de requalifica\u00e7\u00e3o&hellip;<\/p>\n","protected":false},"author":1,"featured_media":102460,"comment_status":"closed","ping_status":"open","sticky":false,"template":"","format":"standard","meta":{"footnotes":""},"categories":[14122],"tags":[28997,28803,2,28801,3406],"class_list":["post-102459","post","type-post","status-publish","format-standard","has-post-thumbnail","hentry","category-politica","tag-audiencia-publica-proposta-pelo-vereador-mano-do-som-debate-recuperacao-do-autodromo-de-caruaru","tag-blog-com-mais-visualizacoes","tag-blog-do-edvaldo-magalhaes","tag-blog-mais-acessado","tag-caruaru"],"_links":{"self":[{"href":"https:\/\/blogdoedvaldomagalhaes.com.br\/index.php\/wp-json\/wp\/v2\/posts\/102459","targetHints":{"allow":["GET"]}}],"collection":[{"href":"https:\/\/blogdoedvaldomagalhaes.com.br\/index.php\/wp-json\/wp\/v2\/posts"}],"about":[{"href":"https:\/\/blogdoedvaldomagalhaes.com.br\/index.php\/wp-json\/wp\/v2\/types\/post"}],"author":[{"embeddable":true,"href":"https:\/\/blogdoedvaldomagalhaes.com.br\/index.php\/wp-json\/wp\/v2\/users\/1"}],"replies":[{"embeddable":true,"href":"https:\/\/blogdoedvaldomagalhaes.com.br\/index.php\/wp-json\/wp\/v2\/comments?post=102459"}],"version-history":[{"count":1,"href":"https:\/\/blogdoedvaldomagalhaes.com.br\/index.php\/wp-json\/wp\/v2\/posts\/102459\/revisions"}],"predecessor-version":[{"id":102461,"href":"https:\/\/blogdoedvaldomagalhaes.com.br\/index.php\/wp-json\/wp\/v2\/posts\/102459\/revisions\/102461"}],"wp:featuredmedia":[{"embeddable":true,"href":"https:\/\/blogdoedvaldomagalhaes.com.br\/index.php\/wp-json\/wp\/v2\/media\/102460"}],"wp:attachment":[{"href":"https:\/\/blogdoedvaldomagalhaes.com.br\/index.php\/wp-json\/wp\/v2\/media?parent=102459"}],"wp:term":[{"taxonomy":"category","embeddable":true,"href":"https:\/\/blogdoedvaldomagalhaes.com.br\/index.php\/wp-json\/wp\/v2\/categories?post=102459"},{"taxonomy":"post_tag","embeddable":true,"href":"https:\/\/blogdoedvaldomagalhaes.com.br\/index.php\/wp-json\/wp\/v2\/tags?post=102459"}],"curies":[{"name":"wp","href":"https:\/\/api.w.org\/{rel}","templated":true}]}}