{"id":102456,"date":"2023-11-01T19:44:48","date_gmt":"2023-11-01T22:44:48","guid":{"rendered":"https:\/\/blogdoedvaldomagalhaes.com.br\/?p=102456"},"modified":"2023-11-01T19:44:49","modified_gmt":"2023-11-01T22:44:49","slug":"morar-bem-governadora-raquel-lyra-reune-52-movimentos-sociais-e-reafirma-que-habitacao-e-politica-prioritaria-em-pernambuco","status":"publish","type":"post","link":"https:\/\/blogdoedvaldomagalhaes.com.br\/index.php\/2023\/11\/01\/morar-bem-governadora-raquel-lyra-reune-52-movimentos-sociais-e-reafirma-que-habitacao-e-politica-prioritaria-em-pernambuco\/","title":{"rendered":"Morar Bem: governadora Raquel Lyra re\u00fane 52 movimentos sociais e reafirma que habita\u00e7\u00e3o \u00e9 pol\u00edtica priorit\u00e1ria em Pernambuco"},"content":{"rendered":"<p>A governadora Raquel Lyra se reuniu, nesta quarta-feira (1\u00ba), com representantes de 52 movimentos sociais e reafirmou o compromisso do Estado em buscar recursos para reduzir o d\u00e9ficit habitacional. O encontro, que foi realizado no audit\u00f3rio do Cais do Sert\u00e3o, no Recife, deu \u00eanfase \u00e0 habita\u00e7\u00e3o de interesse social, que tem sido uma das prioridades do Governo de Pernambuco. Em dez meses, a atual gest\u00e3o j\u00e1 transformou em realidade o sonho da casa pr\u00f3pria de 736 fam\u00edlias pernambucanas, que esperavam h\u00e1 muitos anos a entrega de residenciais que estavam com obras paradas. Tamb\u00e9m j\u00e1 foram entregues mais de 3.800 escrituras a fam\u00edlias que viviam sem o t\u00edtulo de propriedade de suas pr\u00f3prias resid\u00eancias. O dobro do n\u00famero de entregas feitas nos \u00faltimos quatro anos.<\/p>\n<p>\u201cNosso governo j\u00e1 construiu uma rela\u00e7\u00e3o de confian\u00e7a com esses movimentos. Estabelecemos alian\u00e7as com o governo federal e munic\u00edpios para permitir que, de fato, esse or\u00e7amento esteja no Plano Plurianual e nas agendas do Governo, fazendo com que a habita\u00e7\u00e3o vire realidade. O nosso papel \u00e9 construir caminhos para que possamos ter um Estado melhor de se viver, e isso come\u00e7a pelo direto \u00e0 moradia\u201d, enfatizou Raquel Lyra.<\/p>\n<p>O Morar Bem Pernambuco \u00e9 uma iniciativa voltada \u00e0s fam\u00edlias de baixa renda. A meta \u00e9 destinar para a popula\u00e7\u00e3o que se enquadra no programa 50 mil im\u00f3veis, sendo 40 mil unidades com t\u00edtulos de regulariza\u00e7\u00e3o fundi\u00e1ria e 10 mil casas feitas a partir da retomada de obras paralisadas. &#8220;Um grande gesto do Governo se demonstrou no or\u00e7amento enviado \u00e0 Alepe, com recorde de investimentos em habita\u00e7\u00e3o. Somente para o ano de 2024, ser\u00e3o mais de R$ 330 milh\u00f5es em retomada de obras, chamamentos e regulariza\u00e7\u00e3o fundi\u00e1ria. Essa \u00e9 uma pol\u00edtica priorit\u00e1ria nesta gest\u00e3o e gera impacto positivo na vida de quem mais precisa&#8221;, ressaltou a secret\u00e1ria de Desenvolvimento Urbano e Habita\u00e7\u00e3o, Simone Nunes.<\/p>\n<p>O programa tem, ainda, a modalidade Morar Bem &#8211; Entrada Garantida, lan\u00e7ada em julho. Com o mesmo objetivo, de oferecer moradia digna \u00e0 popula\u00e7\u00e3o, o Governo j\u00e1 oferece subs\u00eddios de at\u00e9 R$ 20 mil para que fam\u00edlias com renda de at\u00e9 dois sal\u00e1rios m\u00ednimos possam comprar o primeiro im\u00f3vel. Para essa modalidade, o investimento previsto \u00e9 de R$ 200 milh\u00f5es pelos pr\u00f3ximos 12 meses.<\/p>\n<p>L\u00eddia Brunes, coordenadora do Movimento dos Trabalhadores Sem Teto (MTST), agradeceu o momento de di\u00e1logo com o governo estadual. &#8220;A governadora est\u00e1 reafirmando o que foi colocado na \u00faltima reuni\u00e3o que teve com os movimentos sociais. E isso \u00e9 muito significativo. Quem mora em ocupa\u00e7\u00e3o sabe o quanto \u00e9 necess\u00e1rio construir habita\u00e7\u00f5es de interesse social. Agradecemos que o governo tenha abra\u00e7ado nossa causa&#8221;, comentou L\u00eddia, ao expor as reivindica\u00e7\u00f5es do grupo.<\/p>\n<p>Tamb\u00e9m participaram do encontro o secret\u00e1rio da Casa Militar, coronel Hercilio Mamede; o executivo de Desenvolvimento Urbano e Habita\u00e7\u00e3o, Andr\u00e9 Fonseca; o diretor-presidente da Companhia Estadual de Habita\u00e7\u00e3o e Obras (Cehab), Paulo Lira; e o diretor de Projetos Habitacionais da Cehab, Luiz Byron. Foto: Divulga\u00e7\u00e3o.<\/p>\n<p>Siga o Instagram do Blog para comentar @blogdoedvaldomagalhaes<br \/>\nSe inscreva no canal do Blog no You Tube<\/p>\n","protected":false},"excerpt":{"rendered":"<p>A governadora Raquel Lyra se reuniu, nesta quarta-feira (1\u00ba), com representantes de 52 movimentos sociais e reafirmou o compromisso do&hellip;<\/p>\n","protected":false},"author":1,"featured_media":102457,"comment_status":"closed","ping_status":"open","sticky":false,"template":"","format":"standard","meta":{"footnotes":""},"categories":[14122],"tags":[28803,2,28801,3406,28996,20],"class_list":["post-102456","post","type-post","status-publish","format-standard","has-post-thumbnail","hentry","category-politica","tag-blog-com-mais-visualizacoes","tag-blog-do-edvaldo-magalhaes","tag-blog-mais-acessado","tag-caruaru","tag-morar-bem-governadora-raquel-lyra-reune-52-movimentos-sociais-e-reafirma-que-habitacao-e-politica-prioritaria-em-pernambuco","tag-politica"],"_links":{"self":[{"href":"https:\/\/blogdoedvaldomagalhaes.com.br\/index.php\/wp-json\/wp\/v2\/posts\/102456","targetHints":{"allow":["GET"]}}],"collection":[{"href":"https:\/\/blogdoedvaldomagalhaes.com.br\/index.php\/wp-json\/wp\/v2\/posts"}],"about":[{"href":"https:\/\/blogdoedvaldomagalhaes.com.br\/index.php\/wp-json\/wp\/v2\/types\/post"}],"author":[{"embeddable":true,"href":"https:\/\/blogdoedvaldomagalhaes.com.br\/index.php\/wp-json\/wp\/v2\/users\/1"}],"replies":[{"embeddable":true,"href":"https:\/\/blogdoedvaldomagalhaes.com.br\/index.php\/wp-json\/wp\/v2\/comments?post=102456"}],"version-history":[{"count":1,"href":"https:\/\/blogdoedvaldomagalhaes.com.br\/index.php\/wp-json\/wp\/v2\/posts\/102456\/revisions"}],"predecessor-version":[{"id":102458,"href":"https:\/\/blogdoedvaldomagalhaes.com.br\/index.php\/wp-json\/wp\/v2\/posts\/102456\/revisions\/102458"}],"wp:featuredmedia":[{"embeddable":true,"href":"https:\/\/blogdoedvaldomagalhaes.com.br\/index.php\/wp-json\/wp\/v2\/media\/102457"}],"wp:attachment":[{"href":"https:\/\/blogdoedvaldomagalhaes.com.br\/index.php\/wp-json\/wp\/v2\/media?parent=102456"}],"wp:term":[{"taxonomy":"category","embeddable":true,"href":"https:\/\/blogdoedvaldomagalhaes.com.br\/index.php\/wp-json\/wp\/v2\/categories?post=102456"},{"taxonomy":"post_tag","embeddable":true,"href":"https:\/\/blogdoedvaldomagalhaes.com.br\/index.php\/wp-json\/wp\/v2\/tags?post=102456"}],"curies":[{"name":"wp","href":"https:\/\/api.w.org\/{rel}","templated":true}]}}